{"id":289,"date":"2026-08-28T12:33:26","date_gmt":"2026-08-28T09:33:26","guid":{"rendered":"https:\/\/sites.uwasa.fi\/straind\/?p=289"},"modified":"2026-08-28T12:33:26","modified_gmt":"2026-08-28T09:33:26","slug":"regions-resilience-and-industrial-renewal-strainds-summer-2026-conference-highlights","status":"publish","type":"post","link":"https:\/\/sites.uwasa.fi\/straind\/2026\/08\/28\/regions-resilience-and-industrial-renewal-strainds-summer-2026-conference-highlights\/","title":{"rendered":"Regions, Resilience, and Industrial Renewal: STRAIND&#8217;s Summer 2026 Conference Highlights"},"content":{"rendered":"<p>During the summer of 2026, the STRAIND project shared its research at several international academic conferences. In this blog post, we highlight some of the key insights and lessons learned from these events.<\/p>\n<p><strong>IGU-CDES Conference 2026<\/strong><\/p>\n<p>International Geographical Union\u2019s Commission on the Dynamics of Economic Spaces<\/p>\n<p>Conference theme: Strengthening economic resilience: Geographies of policies, knowledge co-creation and industry transformations<\/p>\n<p>May 27-29, 2026, Turku School of Economics hosted by the Economic Geography unit, University of Turku, Finland<\/p>\n<p>The IGU-CDES conference was held in the theme of economic resilience and featured keynotes ranging from global economic resilience to local security and resilience in the city of Turku. Looking at resilience in the Nordics, geopolitical and geoeconomic risks are most present. Geoeconomic shifts along supply chains in the global economy nowadays can have a most local effect and institutions like the port of Turku are balancing their preparedness with economic viability.<\/p>\n<p>A presentation by Justine Walter from the Contingency Institute inspired the conference participants to think beyond preparing for probable futures to imagining preferred futures. Resilience is often conceptualised through risk management and the \u201cZoo of Risks\u201d identifying vulnerabilities based on their visibility, probability and potential impact. However, futures research, and more specifically research on industry transformations, can benefit from broadening their focus from the risk to the desired.<\/p>\n<p><strong>Futures Conference 2026<\/strong><\/p>\n<p>Finland Futures Research Centre<\/p>\n<p>Conference theme: Sustainability, Temporalities and Futures<\/p>\n<p>June 9-10, 2026, University of Turku, Finland<\/p>\n<p>The STRAIND project attended the Futures Conference, held at the University of Turku on 9-10 June, which attracted several hundred participants. We presented the project&#8217;s core research question concerning the spatial dimensions of industrialisation policies and highlighted how connecting our studies to practical cases, such as the cluster study and regional perspectives, enables us to incorporate a temporal dimension into the industrial policy discussion. As we aim to explore future developments, it is important to recognise that spatial configurations are also shaped by past decisions. Therefore, the temporal dimension is equally important to consider in our analysis.<\/p>\n<p>This perspective was well received by the audience, who commented that the project is addressing a highly complex puzzle, while also finding the work very interesting. Many researchers were reflecting on the role of geopolitical developments in their own research and considered the project relevant not only from an industrial policy perspective but also from a broader societal standpoint. Overall, the conference was well organised and featured thought-provoking keynote presentations that challenged prevailing approaches focused on preserving existing structures rather than creating new ones.<\/p>\n<p><strong>ISPIM Innovation Conference 2026<\/strong><\/p>\n<p>The International Society for Professional Innovation Management<\/p>\n<p>Conference theme: Connecting for Innovation<\/p>\n<p>June 7-10, 2026, Granada, Spain<\/p>\n<p>Also in June 2026, the STRAIND project participated in the ISPIM Innovation Conference in Granada, Spain, with the presentation \u201cThe Delphi\u2013BCG Conceptual Framework for Strengthening Entrepreneurial Discovery Processes\u201d (Myllyl\u00e4 &amp; Kaivo-oja). The ISPIM Innovation Conference brings together approximately 500 experts from all continents twice a year. Granada was selected as the conference venue partly because of its world-class fusion energy research activities. The conference programme also included a visit to IFMIF-DONES (International Fusion Materials Irradiation Facility \u2013 DEMO Oriented Neutron Source), a key piece of infrastructure for fusion energy research in Spain. Fusion energy is increasingly reshaping energy infrastructure and regional industrial policy and is no longer merely a distant vision. These insights will also be taken into account in the ongoing work of the STRAIND project.<\/p>\n<p><strong>Eu-SPRI Annual Conference 2026<\/strong><\/p>\n<p>European Forum for Studies of Policies for Research and Innovation<\/p>\n<p>Conference theme: Questioning the contributions of Science and Innovation to Society<\/p>\n<p>June 10-12, 2026, Universitat Polit\u00e8cnica de Val\u00e8ncia, Spain<\/p>\n<p>\u201cHave you ever seen a map with one road?\u201d With this image Prof. Andy Stirling inspired the audience at the Eu-SPRI conference to do multi-dimensional research on innovation. The future doesn\u2019t hold the one transformation, transformation is a multitude and research needs to conceptualise it as such.<\/p>\n<p>At the conference this multi-layerdness was particularly discussed in relation to the term security. In the Finnish context, security is often operationalised with a focus on military security. However, different European countries take different foci of security such as climate, cyber, economy or society. <span class=\"___xxxjie0 f1w7gpdv f1gqqdtu\">The systemic<\/span>\u00a0<span class=\"___xxxjie0 f1w7gpdv f1gqqdtu\">perspective on security<\/span> <span class=\"___xxxjie0 f1w7gpdv f1gqqdtu\">aligns<\/span> <span class=\"___xxxjie0 f1w7gpdv f1gqqdtu\">closely<\/span> <span class=\"___xxxjie0 f1w7gpdv f1gqqdtu\">with<\/span> STRAIND and <span class=\"___xxxjie0 f1w7gpdv f1gqqdtu\">the<\/span> <span class=\"___xxxjie0 f1w7gpdv f1gqqdtu\">University<\/span> <span class=\"___xxxjie0 f1w7gpdv f1gqqdtu\">of<\/span> <span class=\"___xxxjie0 f1w7gpdv f1gqqdtu\">Vaasa&#8217;s<\/span> <span class=\"___xxxjie0 f1w7gpdv f1gqqdtu\">research<\/span> <span class=\"___xxxjie0 f1w7gpdv f1gqqdtu\">on<\/span> <span class=\"___xxxjie0 f1w7gpdv f1gqqdtu\">comprehensive<\/span> <span class=\"___xxxjie0 f1w7gpdv f1gqqdtu\">security<\/span> <span class=\"___xxxjie0 f1w7gpdv f1gqqdtu\">and<\/span> <span class=\"___xxxjie0 f1w7gpdv f1gqqdtu\">preparedness,<\/span> <span class=\"___xxxjie0 f1w7gpdv f1gqqdtu\">including<\/span> <span class=\"___xxxjie0 f1w7gpdv f1gqqdtu\">the<\/span> <span class=\"___xxxjie0 f1w7gpdv f1gqqdtu\">activities<\/span> <span class=\"___xxxjie0 f1w7gpdv f1gqqdtu\">of<\/span> <span class=\"___xxxjie0 f1w7gpdv f1gqqdtu\">the<\/span> <span class=\"___xxxjie0 f1w7gpdv f1gqqdtu\">Preparedness<\/span> <span class=\"___xxxjie0 f1w7gpdv f1gqqdtu\">and<\/span> <span class=\"___xxxjie0 f1w7gpdv f1gqqdtu\">Resilience<\/span> <span class=\"___xxxjie0 f1w7gpdv f1gqqdtu\">Research<\/span> <span class=\"___xxxjie0 f1w7gpdv f1gqqdtu\">Platform<\/span> <span class=\"___xxxjie0 f1w7gpdv f1gqqdtu\">(PREP).<\/span><\/p>\n<p>Questioning the contributions of science and innovation to society at the annual conference in Val\u00e8ncia further included a discussion on normative framings. Given the multitude of risks and challenges in today\u2019s world, Dr. Asun Lera St. Clair is the opinion that normative research questions hold the opportunity to make research impactful and societal relevant. Hereby, we should channel hope as motivation to contribute more, not fear. At Eu-SPRI, the STRAIND project presented a work-in-progress scoping review of spatiality in the industrial policy literature.<\/p>\n<p><strong>2026 RSA Annual Conference<\/strong><\/p>\n<p>Regional Studies Association<\/p>\n<p>Conference theme: Regions as Arenas in a Changing World<\/p>\n<p>June 15-18, 2026, University of Gothenburg, Sweden<\/p>\n<p>The STRAIND project also visited Gothenburg, Sweden, to participate in the Annual Regional Studies Association (RSA) Conference, held from 15 to 18 June. Compared to the Futures Conference, the focus was more strongly on regional development and planning issues than on future-oriented themes. The STRAIND project presentation examined how land-use questions can be addressed in a multilevel governance setting and how national-level steering may become increasingly important within future regional development frameworks.<\/p>\n<p>One of the keynote speakers was Professor Emeritus Dominique Foray, who has played an influential role in the development of Smart Specialisation. He also argued that policy attention is increasingly shifting towards nation states, both within Europe and more broadly. This development was also highlighted during our presentation, which explored how connections between local and regional levels and the national level could be strengthened. Regions should be able to act as &#8220;messengers&#8221; between local actors, national development visions, and European-level discussions. The question of whose interests are represented in land-use decisions is also becoming increasingly relevant. This raises important issues of justice and highlights the need for negotiation among different stakeholder groups at the local, national, and perhaps even European level.<\/p>\n<figure id=\"attachment_292\" aria-describedby=\"caption-attachment-292\" style=\"width: 1471px\" class=\"wp-caption alignnone\"><img loading=\"lazy\" decoding=\"async\" class=\"size-full wp-image-292\" src=\"https:\/\/sites.uwasa.fi\/straind\/wp-content\/blogs.dir\/4\/files\/sites\/258\/2026\/08\/picture1.jpg\" alt=\"STRAIND\u2019s doctoral student Lisa W\u00e4tzold sharing STRAIND's latest research findings.\" width=\"1471\" height=\"832\" srcset=\"https:\/\/sites.uwasa.fi\/straind\/wp-content\/blogs.dir\/4\/files\/sites\/258\/2026\/08\/picture1.jpg 1471w, https:\/\/sites.uwasa.fi\/straind\/wp-content\/blogs.dir\/4\/files\/sites\/258\/2026\/08\/picture1-300x170.jpg 300w, https:\/\/sites.uwasa.fi\/straind\/wp-content\/blogs.dir\/4\/files\/sites\/258\/2026\/08\/picture1-1024x579.jpg 1024w, https:\/\/sites.uwasa.fi\/straind\/wp-content\/blogs.dir\/4\/files\/sites\/258\/2026\/08\/picture1-768x434.jpg 768w, https:\/\/sites.uwasa.fi\/straind\/wp-content\/blogs.dir\/4\/files\/sites\/258\/2026\/08\/picture1-320x180.jpg 320w\" sizes=\"(max-width: 1471px) 100vw, 1471px\" \/><figcaption id=\"caption-attachment-292\" class=\"wp-caption-text\">STRAIND\u2019s doctoral student Lisa W\u00e4tzold sharing STRAIND&#8217;s latest research findings at IGU-CDES Conference 2026.<\/figcaption><\/figure>\n","protected":false},"excerpt":{"rendered":"<p>During the summer of 2026, the STRAIND project shared its research at several international academic conferences. In this blog post, we highlight some of the key insights and lessons learned from these events. IGU-CDES Conference 2026 International Geographical Union\u2019s Commission on the Dynamics of Economic Spaces Conference theme: Strengthening economic resilience: Geographies of policies, knowledge [&hellip;]<\/p>\n","protected":false},"author":72,"featured_media":290,"comment_status":"open","ping_status":"open","sticky":false,"template":"","format":"standard","meta":{"_acf_changed":false,"footnotes":""},"categories":[3],"tags":[],"class_list":["post-289","post","type-post","status-publish","format-standard","has-post-thumbnail","hentry","category-news-and-updates"],"acf":[],"post_meta":"<span class=\"author\"> <span class=\"vcard\"><a class=\"url fn n\" href=\"https:\/\/sites.uwasa.fi\/straind\/author\/jokallio\/\">Johanna Kalliokoski<\/a><\/span><\/span><span class=\"posted-on\"><a href=\"https:\/\/sites.uwasa.fi\/straind\/2026\/08\/28\/regions-resilience-and-industrial-renewal-strainds-summer-2026-conference-highlights\/\" rel=\"bookmark\"><time class=\"entry-date published updated\" datetime=\"2026-08-28T12:33:26+03:00\">28.08.2026<\/time><\/a><\/span>","post_categories":"<span class=\"entry-categories cat-links\"><a href=\"https:\/\/sites.uwasa.fi\/straind\/category\/news-and-updates\/\" rel=\"category tag\">News and updates<\/a><\/span>","post_thumbnail":"<a href=\"https:\/\/sites.uwasa.fi\/straind\/2026\/08\/28\/regions-resilience-and-industrial-renewal-strainds-summer-2026-conference-highlights\/\"><img width=\"640\" height=\"360\" src=\"https:\/\/sites.uwasa.fi\/straind\/wp-content\/blogs.dir\/4\/files\/sites\/258\/2026\/08\/img-20260618-wa0008-e1787909549949-640x360.jpg\" class=\"attachment-banner-wide-640 size-banner-wide-640 wp-post-image\" alt=\"STRAIND researcher Antti M\u00e4enp\u00e4\u00e4 delivering a presentation at 2026 RSA Annual Conference.\" decoding=\"async\" loading=\"lazy\" srcset=\"https:\/\/sites.uwasa.fi\/straind\/wp-content\/blogs.dir\/4\/files\/sites\/258\/2026\/08\/img-20260618-wa0008-e1787909549949-640x360.jpg 640w, https:\/\/sites.uwasa.fi\/straind\/wp-content\/blogs.dir\/4\/files\/sites\/258\/2026\/08\/img-20260618-wa0008-e1787909549949-320x180.jpg 320w, https:\/\/sites.uwasa.fi\/straind\/wp-content\/blogs.dir\/4\/files\/sites\/258\/2026\/08\/img-20260618-wa0008-e1787909549949-1024x576.jpg 1024w, https:\/\/sites.uwasa.fi\/straind\/wp-content\/blogs.dir\/4\/files\/sites\/258\/2026\/08\/img-20260618-wa0008-e1787909549949-1280x720.jpg 1280w\" sizes=\"(max-width: 640px) 100vw, 640px\" \/><\/a>","_links":{"self":[{"href":"https:\/\/sites.uwasa.fi\/straind\/wp-json\/wp\/v2\/posts\/289"}],"collection":[{"href":"https:\/\/sites.uwasa.fi\/straind\/wp-json\/wp\/v2\/posts"}],"about":[{"href":"https:\/\/sites.uwasa.fi\/straind\/wp-json\/wp\/v2\/types\/post"}],"author":[{"embeddable":true,"href":"https:\/\/sites.uwasa.fi\/straind\/wp-json\/wp\/v2\/users\/72"}],"replies":[{"embeddable":true,"href":"https:\/\/sites.uwasa.fi\/straind\/wp-json\/wp\/v2\/comments?post=289"}],"version-history":[{"count":3,"href":"https:\/\/sites.uwasa.fi\/straind\/wp-json\/wp\/v2\/posts\/289\/revisions"}],"predecessor-version":[{"id":294,"href":"https:\/\/sites.uwasa.fi\/straind\/wp-json\/wp\/v2\/posts\/289\/revisions\/294"}],"wp:featuredmedia":[{"embeddable":true,"href":"https:\/\/sites.uwasa.fi\/straind\/wp-json\/wp\/v2\/media\/290"}],"wp:attachment":[{"href":"https:\/\/sites.uwasa.fi\/straind\/wp-json\/wp\/v2\/media?parent=289"}],"wp:term":[{"taxonomy":"category","embeddable":true,"href":"https:\/\/sites.uwasa.fi\/straind\/wp-json\/wp\/v2\/categories?post=289"},{"taxonomy":"post_tag","embeddable":true,"href":"https:\/\/sites.uwasa.fi\/straind\/wp-json\/wp\/v2\/tags?post=289"}],"curies":[{"name":"wp","href":"https:\/\/api.w.org\/{rel}","templated":true}]}}