{"id":684,"date":"2026-04-14T08:33:49","date_gmt":"2026-04-14T05:33:49","guid":{"rendered":"https:\/\/sites.uwasa.fi\/minca\/?p=684"},"modified":"2026-04-14T09:42:29","modified_gmt":"2026-04-14T06:42:29","slug":"minca_aamupalatilaisuus_13_5","status":"publish","type":"post","link":"https:\/\/sites.uwasa.fi\/minca\/2026\/04\/14\/minca_aamupalatilaisuus_13_5\/","title":{"rendered":"Aamiaistilaisuus Sein\u00e4joella 13.5.2026 HTF Group Oy:n tiloissa: Miten yritykset hallitsevat toimitusketjujen p\u00e4\u00e4st\u00f6j\u00e4 k\u00e4yt\u00e4nn\u00f6ss\u00e4?"},"content":{"rendered":"<p>Vaasan yliopiston <a href=\"https:\/\/sites.uwasa.fi\/minca\/\">MINCA-hanke<\/a> j\u00e4rjest\u00e4\u00e4 yhdess\u00e4 Haaga-Helia ammattikorkeakoulun <a href=\"https:\/\/www.haaga-helia.fi\/fi\/hankkeet\/seinajoki-emobility-tkio-verkosto-osaksi-west-avia-yrityspuistoa\" target=\"_blank\" rel=\"noopener\"><span class=\"Bold\">Sein\u00e4joki eMobilityTKIO -verkosto osaksi West Avia yrityspuistoa<\/span><\/a> -hankkeen kanssa aamiaistilaisuuden, jossa tarkastellaan yritysten toimitusketjujen p\u00e4\u00e4st\u00f6jen hallintaa k\u00e4yt\u00e4nn\u00f6n n\u00e4k\u00f6kulmasta.<\/p>\n<p>Tilaisuus j\u00e4rjestet\u00e4\u00e4n <strong>13.5.2026<\/strong> <strong>klo 9.00\u201311.00 HTF Group Oy:n tiloissa Sein\u00e4joella<\/strong> (Yritt\u00e4j\u00e4ntie 6).<br \/>\nSamalla kyseess\u00e4 on MINCA-hankkeen p\u00e4\u00e4t\u00f6sseminaari.<\/p>\n<p data-start=\"453\" data-end=\"771\">Ohjelmassa k\u00e4sitell\u00e4\u00e4n kest\u00e4vyysvaatimuksiin liittyvi\u00e4 ajankohtaisia teemoja sek\u00e4 esitell\u00e4\u00e4n k\u00e4yt\u00e4nn\u00f6n ratkaisuja toimitusketjujen p\u00e4\u00e4st\u00f6jen tunnistamiseen ja v\u00e4hent\u00e4miseen. Puheenvuoroja kuullaan Vaasan yliopiston, Haaga-Helia ammattikorkeakoulun, <a href=\"https:\/\/htfgroup.fi\/\" target=\"_blank\" rel=\"noopener\">HTF Group Oy<\/a>:n sek\u00e4 Suomen Yritt\u00e4jien asiantuntijoilta.<\/p>\n<p data-start=\"773\" data-end=\"1040\">Lis\u00e4ksi esitell\u00e4\u00e4n MINCA-hankkeen keskeisi\u00e4 tuloksia ja tarkastellaan hankkeen aikana kehitettyj\u00e4 ratkaisuja sek\u00e4 niiden jatkohy\u00f6dynt\u00e4mist\u00e4. Puheenvuoroissa k\u00e4sitell\u00e4\u00e4n my\u00f6s eMobilityHUB-teemaa sek\u00e4 yritysten roolia kest\u00e4vyysvaatimusten toteuttamisessa.<\/p>\n<p data-start=\"1042\" data-end=\"1153\">Tilaisuuden j\u00e4lkeen osallistujilla on mahdollisuus tutustua HTF Group Oy:n toimintaan opastetulla kierroksella.<\/p>\n<p data-start=\"1155\" data-end=\"1201\">Osallistuminen on maksutonta ja sis\u00e4lt\u00e4\u00e4 tarjoilun.<\/p>\n<p data-start=\"1203\" data-end=\"1247\"><strong>Ilmoittaudu viimeist\u00e4\u00e4n 8.5.2026:<\/strong><br \/>\n<a href=\"https:\/\/link.webropolsurveys.com\/S\/6E20F2252DB49EA4\" target=\"_blank\" rel=\"noopener\">https:\/\/link.webropolsurveys.com\/S\/6E20F2252DB49EA4<\/a><\/p>\n<p data-start=\"1042\" data-end=\"1153\"><strong>Ohjelma:<\/strong><\/p>\n<p>Aamupalaa tarjolla klo 8.30 &#8211; 9.00<\/p>\n<p><strong>klo 9.00 Alkusanat: Mist\u00e4 kest\u00e4vyysvaatimuksissa on kyse?<\/strong><\/p>\n<ul>\n<li>Juha Arrasvuori &#8211; yliopistotutkija, Vaasan yliopisto<\/li>\n<li>Esa Vuorenmaa &#8211; projektiasiantuntija, Haaga-Helia ammattikorkeakoulu<\/li>\n<\/ul>\n<p><strong>klo 9.05 HTF Group Oy esittely &amp; kest\u00e4vyysvaatimukset osana toimintaa<\/strong><\/p>\n<ul>\n<li>Ari P\u00f6lkky &#8211; johtaja, HTF Group Oy<\/li>\n<li>Jani Uura &#8211; johtaja, HTF Group Oy<\/li>\n<li>Elina Tiainen &#8211; operatiivinen johtaja, MP-Tietosovellukset Oy<\/li>\n<\/ul>\n<p data-start=\"1042\" data-end=\"1153\"><strong>klo 9.40 MINCA-hankkeen p\u00e4\u00e4t\u00f6s: tulokset ja tulevaisuus<\/strong><\/p>\n<ul>\n<li data-start=\"1042\" data-end=\"1153\">Juha Arrasvuori &#8211; yliopistotutkija, Vaasan yliopisto<\/li>\n<\/ul>\n<p data-start=\"1042\" data-end=\"1153\"><strong>klo 10.10 eMobilityHUB &#8211; kest\u00e4vyyden ongelmat ratkottaviksi paloiksi<\/strong><\/p>\n<ul>\n<li data-start=\"1042\" data-end=\"1153\">Esa Vuorenmaa &#8211; projektiasiantuntija, Haaga-Helia ammattikorkeakoulu<\/li>\n<\/ul>\n<p data-start=\"1042\" data-end=\"1153\"><strong>klo 10.25 Suomen Yritt\u00e4j\u00e4t &#8211; puheenvuoro &amp; loppukommentit<\/strong><\/p>\n<ul>\n<li data-start=\"1042\" data-end=\"1153\">Antti Turunen &#8211; yritysvastuuasiantuntija, Suomen Yritt\u00e4j\u00e4t<\/li>\n<\/ul>\n<p data-start=\"1042\" data-end=\"1153\"><strong>klo 11.00 Tilaisuus p\u00e4\u00e4ttyy<\/strong><\/p>\n<p data-start=\"1042\" data-end=\"1153\">Tilaisuuden j\u00e4lkeen tutustumiskierros HTF Group Oy:n tiloihin.<\/p>\n<p data-start=\"1042\" data-end=\"1153\">Tervetuloa!<\/p>\n<p data-start=\"1203\" data-end=\"1247\"><a href=\"https:\/\/link.webropolsurveys.com\/S\/6E20F2252DB49EA4\" target=\"_blank\" rel=\"noopener\"><img loading=\"lazy\" decoding=\"async\" class=\"alignleft wp-image-686\" src=\"https:\/\/sites.uwasa.fi\/minca\/wp-content\/blogs.dir\/4\/files\/sites\/219\/2026\/04\/aamupalatilaisuus-13-5-2026-fin-300.jpg\" alt=\"\" width=\"786\" height=\"1113\" srcset=\"https:\/\/sites.uwasa.fi\/minca\/wp-content\/blogs.dir\/4\/files\/sites\/219\/2026\/04\/aamupalatilaisuus-13-5-2026-fin-300.jpg 1447w, https:\/\/sites.uwasa.fi\/minca\/wp-content\/blogs.dir\/4\/files\/sites\/219\/2026\/04\/aamupalatilaisuus-13-5-2026-fin-300-212x300.jpg 212w, https:\/\/sites.uwasa.fi\/minca\/wp-content\/blogs.dir\/4\/files\/sites\/219\/2026\/04\/aamupalatilaisuus-13-5-2026-fin-300-724x1024.jpg 724w, https:\/\/sites.uwasa.fi\/minca\/wp-content\/blogs.dir\/4\/files\/sites\/219\/2026\/04\/aamupalatilaisuus-13-5-2026-fin-300-768x1087.jpg 768w, https:\/\/sites.uwasa.fi\/minca\/wp-content\/blogs.dir\/4\/files\/sites\/219\/2026\/04\/aamupalatilaisuus-13-5-2026-fin-300-1085x1536.jpg 1085w\" sizes=\"(max-width: 786px) 100vw, 786px\" \/><\/a><\/p>\n","protected":false},"excerpt":{"rendered":"<p>Vaasan yliopiston MINCA-hanke j\u00e4rjest\u00e4\u00e4 yhdess\u00e4 Haaga-Helia ammattikorkeakoulun Sein\u00e4joki eMobilityTKIO -verkosto osaksi West Avia yrityspuistoa -hankkeen kanssa aamiaistilaisuuden, jossa tarkastellaan yritysten toimitusketjujen p\u00e4\u00e4st\u00f6jen hallintaa k\u00e4yt\u00e4nn\u00f6n n\u00e4k\u00f6kulmasta. Tilaisuus j\u00e4rjestet\u00e4\u00e4n 13.5.2026 klo 9.00\u201311.00 HTF Group Oy:n tiloissa Sein\u00e4joella (Yritt\u00e4j\u00e4ntie 6). Samalla kyseess\u00e4 on MINCA-hankkeen p\u00e4\u00e4t\u00f6sseminaari. Ohjelmassa k\u00e4sitell\u00e4\u00e4n kest\u00e4vyysvaatimuksiin liittyvi\u00e4 ajankohtaisia teemoja sek\u00e4 esitell\u00e4\u00e4n k\u00e4yt\u00e4nn\u00f6n ratkaisuja toimitusketjujen p\u00e4\u00e4st\u00f6jen tunnistamiseen [&hellip;]<\/p>\n","protected":false},"author":29,"featured_media":685,"comment_status":"open","ping_status":"open","sticky":false,"template":"","format":"standard","meta":{"_acf_changed":false,"footnotes":""},"categories":[3,2],"tags":[],"class_list":["post-684","post","type-post","status-publish","format-standard","has-post-thumbnail","hentry","category-ajankohtaista","category-uutiset"],"acf":[],"post_meta":"<span class=\"author\"> <span class=\"vcard\"><a class=\"url fn n\" href=\"https:\/\/sites.uwasa.fi\/minca\/author\/mjmae\/\">Mikael M\u00e4enp\u00e4\u00e4<\/a><\/span><\/span><span class=\"posted-on\"><a href=\"https:\/\/sites.uwasa.fi\/minca\/2026\/04\/14\/minca_aamupalatilaisuus_13_5\/\" rel=\"bookmark\"><time class=\"entry-date published updated\" datetime=\"2026-04-14T08:33:49+03:00\">14.04.2026<\/time><\/a><\/span>","post_categories":"<span class=\"entry-categories cat-links\"><a href=\"https:\/\/sites.uwasa.fi\/minca\/category\/uutiset\/ajankohtaista\/\" rel=\"category tag\">Ajankohtaista<\/a> <a href=\"https:\/\/sites.uwasa.fi\/minca\/category\/uutiset\/\" rel=\"category tag\">Uutiset<\/a><\/span>","post_thumbnail":"<a href=\"https:\/\/sites.uwasa.fi\/minca\/2026\/04\/14\/minca_aamupalatilaisuus_13_5\/\"><img width=\"640\" height=\"360\" src=\"https:\/\/sites.uwasa.fi\/minca\/wp-content\/blogs.dir\/4\/files\/sites\/219\/2026\/04\/minca-ajankohtaisuutinen-lopputilaisuus-640x360.png\" class=\"attachment-banner-wide-640 size-banner-wide-640 wp-post-image\" alt=\"\" decoding=\"async\" loading=\"lazy\" srcset=\"https:\/\/sites.uwasa.fi\/minca\/wp-content\/blogs.dir\/4\/files\/sites\/219\/2026\/04\/minca-ajankohtaisuutinen-lopputilaisuus-640x360.png 640w, https:\/\/sites.uwasa.fi\/minca\/wp-content\/blogs.dir\/4\/files\/sites\/219\/2026\/04\/minca-ajankohtaisuutinen-lopputilaisuus-320x180.png 320w, https:\/\/sites.uwasa.fi\/minca\/wp-content\/blogs.dir\/4\/files\/sites\/219\/2026\/04\/minca-ajankohtaisuutinen-lopputilaisuus-1024x576.png 1024w, https:\/\/sites.uwasa.fi\/minca\/wp-content\/blogs.dir\/4\/files\/sites\/219\/2026\/04\/minca-ajankohtaisuutinen-lopputilaisuus-1280x720.png 1280w, https:\/\/sites.uwasa.fi\/minca\/wp-content\/blogs.dir\/4\/files\/sites\/219\/2026\/04\/minca-ajankohtaisuutinen-lopputilaisuus-1600x900.png 1600w\" sizes=\"(max-width: 640px) 100vw, 640px\" \/><\/a>","_links":{"self":[{"href":"https:\/\/sites.uwasa.fi\/minca\/wp-json\/wp\/v2\/posts\/684"}],"collection":[{"href":"https:\/\/sites.uwasa.fi\/minca\/wp-json\/wp\/v2\/posts"}],"about":[{"href":"https:\/\/sites.uwasa.fi\/minca\/wp-json\/wp\/v2\/types\/post"}],"author":[{"embeddable":true,"href":"https:\/\/sites.uwasa.fi\/minca\/wp-json\/wp\/v2\/users\/29"}],"replies":[{"embeddable":true,"href":"https:\/\/sites.uwasa.fi\/minca\/wp-json\/wp\/v2\/comments?post=684"}],"version-history":[{"count":26,"href":"https:\/\/sites.uwasa.fi\/minca\/wp-json\/wp\/v2\/posts\/684\/revisions"}],"predecessor-version":[{"id":712,"href":"https:\/\/sites.uwasa.fi\/minca\/wp-json\/wp\/v2\/posts\/684\/revisions\/712"}],"wp:featuredmedia":[{"embeddable":true,"href":"https:\/\/sites.uwasa.fi\/minca\/wp-json\/wp\/v2\/media\/685"}],"wp:attachment":[{"href":"https:\/\/sites.uwasa.fi\/minca\/wp-json\/wp\/v2\/media?parent=684"}],"wp:term":[{"taxonomy":"category","embeddable":true,"href":"https:\/\/sites.uwasa.fi\/minca\/wp-json\/wp\/v2\/categories?post=684"},{"taxonomy":"post_tag","embeddable":true,"href":"https:\/\/sites.uwasa.fi\/minca\/wp-json\/wp\/v2\/tags?post=684"}],"curies":[{"name":"wp","href":"https:\/\/api.w.org\/{rel}","templated":true}]}}