{"id":597,"date":"2026-01-15T14:58:21","date_gmt":"2026-01-15T12:58:21","guid":{"rendered":"https:\/\/sites.uwasa.fi\/minca\/?p=597"},"modified":"2026-04-01T11:07:13","modified_gmt":"2026-04-01T08:07:13","slug":"minca-uutiskirje-1-2026","status":"publish","type":"post","link":"https:\/\/sites.uwasa.fi\/minca\/2026\/01\/15\/minca-uutiskirje-1-2026\/","title":{"rendered":"MINCA-uutiskirje 1\/2026"},"content":{"rendered":"<p>&nbsp;<\/p>\n<p>&nbsp;<\/p>\n<table border=\"0\" width=\"600\" cellspacing=\"0\" cellpadding=\"0\" align=\"center\">\n<tbody>\n<tr>\n<td>\n<div class=\"container\">\n<p><img loading=\"lazy\" decoding=\"async\" class=\"aligncenter\" src=\"https:\/\/sites.uwasa.fi\/minca\/wp-content\/blogs.dir\/4\/files\/sites\/219\/2025\/03\/minca-newsletter-imageyla.png\" alt=\"Minca Logo\" width=\"640\" height=\"119\" \/><\/p>\n<div class=\"content\">\n<p style=\"text-align: center\"><strong>Uusi vuosi MINCA-hankkeessa on py\u00f6r\u00e4ht\u00e4nyt k\u00e4yntiin ja j\u00e4lleen on uutiskirjeen aika. Kev\u00e4\u00e4ll\u00e4 2026 hankkeessa keskityt\u00e4\u00e4n julkaistujen ty\u00f6kalujen hy\u00f6dynt\u00e4miseen, k\u00e4ynniss\u00e4 olevaan pilotointiin sek\u00e4 osallistumiseen yrityksille suunnattuihin tilaisuuksiin. Lue alta tarkemmin ajankohtaisista tapahtumistamme:<\/strong><\/p>\n<p>&nbsp;<\/p>\n<h2><strong>MINCA &amp; Vastuullisuus k\u00e4yt\u00e4nn\u00f6n teoiksi -ty\u00f6pajat<\/strong><\/h2>\n<p><img decoding=\"async\" src=\"https:\/\/sites.uwasa.fi\/minca\/wp-content\/blogs.dir\/4\/files\/sites\/219\/2026\/01\/verkkotyopajat.png\" alt=\"Toinen kuva\" \/><\/p>\n<p>MINCA-hanke on mukana\u00a0<a href=\"https:\/\/www.syo.fi\/vastuullisuushanke\/\" target=\"_blank\" rel=\"noopener\">Suomen Yritt\u00e4j\u00e4opiston<\/a>\u00a0toteuttamissa maksuttomissa verkkoty\u00f6pajoissa, joissa yritykset saavat k\u00e4yt\u00e4nn\u00f6nl\u00e4heist\u00e4 tukea vastuullisuuden kehitt\u00e4miseen ja kilpailukyvyn vahvistamiseen.<\/p>\n<ul>\n<li><a href=\"https:\/\/sites.uwasa.fi\/minca\/wp-content\/blogs.dir\/4\/files\/sites\/219\/2026\/01\/Esite-tyopajat-2026.pdf\" target=\"_blank\" rel=\"noopener\">Lataa tilaisuuden esite t\u00e4st\u00e4 (pdf).<\/a><\/li>\n<\/ul>\n<p>Kev\u00e4\u00e4ll\u00e4 2026 j\u00e4rjestett\u00e4v\u00e4\u00a0<strong>Vastuullisuus k\u00e4yt\u00e4nn\u00f6n teoiksi!<\/strong>\u00a0-ty\u00f6pajasarja koostuu nelj\u00e4st\u00e4 Teams-webinaarista. Osallistujat voivat osallistua kaikkiin ty\u00f6pajoihin tai valita omaan tilanteeseensa sopivat kokonaisuudet.<\/p>\n<p>MINCA-hankkeen rooli painottuu ty\u00f6pajoihin 1 ja 3, joissa esitell\u00e4\u00e4n ja hy\u00f6dynnet\u00e4\u00e4n hankkeessa kehitettyj\u00e4,\u00a0<a href=\"http:\/\/www.scope3.fi\/\" target=\"_blank\" rel=\"noopener\">Scope3.fi-palvelusta<\/a>\u00a0l\u00f6ytyvi\u00e4 ty\u00f6kaluja yritysten toimitusketjujen ep\u00e4suorien p\u00e4\u00e4st\u00f6jen (Scope 3) tunnistamiseen.<\/p>\n<p>Ty\u00f6pajat on suunnattu\u00a0<strong>Lapuan ja Kauhavan alueen yrityksille, yritystoimintaa suunnitteleville sek\u00e4 sidosryhmille<\/strong>, jotka haluavat kehitt\u00e4\u00e4 toimintaansa vastuullisemmaksi.<\/p>\n<p>MINCA mukana n\u00e4iss\u00e4 ty\u00f6pajoissa:<\/p>\n<ul>\n<li><strong>Ty\u00f6paja 1 \u2013 ke 28.1.2026 klo 9\u201311.30 &#8211; <\/strong><strong>Mit\u00e4 vastuullisuus on?<br \/>\n<\/strong>Saat tietoa siit\u00e4, mit\u00e4 vastuullisuus on ja analy\u00adsoit omaa yritystoimintaasi vastuullisuuden n\u00e4k\u00f6kulmasta.\u00a0Esittelemme my\u00f6s MINCA-hankkeen k\u00e4yt\u00e4nn\u00f6nl\u00e4heisi\u00e4 ty\u00f6kaluja p\u00e4\u00e4st\u00f6v\u00e4hennysten tunnistamiseen toimitusketjuissa.<\/li>\n<li><strong>Ty\u00f6paja 3 \u2013 to 12.2.2026 klo 9\u201311.30 &#8211; <\/strong><strong>Vastuullisuus kilpailukyvyn vahvistajana<\/strong>:<br \/>\nsuuntaviivat oman yrityk\u00adsesi vastuullisuusty\u00f6h\u00f6n. P\u00e4\u00e4set laatimaan konkreettisen suunnitelman oman yrityksesi vastuullisuustoimia varten.\u00a0<strong>Lis\u00e4ksi saat vinkkej\u00e4, miten hy\u00f6dynt\u00e4\u00e4 MINCA-hankkeen ty\u00f6kaluilla saamaasi tietoa yrityksesi vastuullisuuden kehitt\u00e4misess\u00e4<\/strong>.<\/li>\n<\/ul>\n<p>Katso my\u00f6s muiden ty\u00f6pajojen aiheet ja aikataulut ja ilmoittaudu tapahtumiin:<br \/>\n<a href=\"https:\/\/www.syo.fi\/tapahtuma\/verkkotyopaja-vastuullisuus-kilpailukyvyn-vahvistajana-swot-analyysi-yrityksesi-kestavyystyohon\/\" target=\"_blank\" rel=\"noopener\">https:\/\/www.syo.fi\/tapahtuma\/verkkotyopaja-vastuullisuus-kilpailukyvyn-vahvistajana-swot-analyysi-yrityksesi-kestavyystyohon\/<\/a><\/p>\n<p>&nbsp;<\/p>\n<\/div>\n<div class=\"content\">\n<h2><strong>MINCA mukana EnergyWeekill\u00e4 maaliskuussa<\/strong><\/h2>\n<p><img decoding=\"async\" src=\"https:\/\/sites.uwasa.fi\/minca\/wp-content\/blogs.dir\/4\/files\/sites\/219\/2026\/01\/minca-ajankohtaisuutinen-energyweek2026.png\" alt=\"Toinen kuva\" \/><\/p>\n<p><a href=\"https:\/\/www.energyweek.fi\/\" target=\"_blank\" rel=\"noopener\">EnergyWeek<\/a> kokoaa energia-alan toimijat Vaasaan maaliskuussa 2026. MINCA-hanke on mukana tapahtumassa tuoden esiin pk-yrityksille suunnattuja k\u00e4yt\u00e4nn\u00f6nl\u00e4heisi\u00e4 ratkaisuja Scope 3 -p\u00e4\u00e4st\u00f6jen tunnistamiseen ja v\u00e4hent\u00e4miseen.<\/p>\n<p>EnergyWeek 2026: 16.\u201319.3.2026<br \/>\n<a href=\"https:\/\/www.energyweek.fi\/\" target=\"_blank\" rel=\"noopener\">https:\/\/www.energyweek.fi\/<\/a><\/p>\n<p>&nbsp;<\/p>\n<\/div>\n<div class=\"content\">\n<h2><strong>Kaikki kolme MINCA-ty\u00f6kalua nyt julkaistu:<br \/>\ntutustu Scope 3 -oppaaseen<\/strong><\/h2>\n<p><img decoding=\"async\" src=\"https:\/\/sites.uwasa.fi\/minca\/wp-content\/blogs.dir\/4\/files\/sites\/219\/2026\/01\/scope3.png\" \/><\/p>\n<p>MINCA-hankkeessa kehitetyt kaikki kolme Scope 3 -ty\u00f6kalua on nyt julkaistu scope3.fi-alustalla, ja ne ovat vapaasti yritysten hy\u00f6dynnett\u00e4viss\u00e4. Ty\u00f6kalut tukevat ep\u00e4suorien p\u00e4\u00e4st\u00f6jen ymm\u00e4rt\u00e4mist\u00e4, j\u00e4sent\u00e4mist\u00e4 ja k\u00e4yt\u00e4nn\u00f6n toimenpiteiden tunnistamista.<\/p>\n<p>Ty\u00f6kalujen kokonaisuutta tukee Scope 3 -opas, joka toimii yhten\u00e4 selke\u00e4n\u00e4 tapana hahmottaa aihetta ja edet\u00e4 yrityksen omista l\u00e4ht\u00f6kohdista.<\/p>\n<ul>\n<li><a href=\"https:\/\/scope3.fi\/scope3-opas\/\" target=\"_blank\" rel=\"noopener\">Scope 3 -opas<\/a><\/li>\n<\/ul>\n<p>Oppaan ja ty\u00f6kalujen tueksi on julkaistu lyhyit\u00e4 videoita, joissa kokonaisuutta esitell\u00e4\u00e4n MINCA-hahmon johdolla. Videot auttavat ymm\u00e4rt\u00e4m\u00e4\u00e4n Scope 3 -teemaa ja madaltavat kynnyst\u00e4 tarttua ty\u00f6kaluihin.<\/p>\n<p><strong>Videot YouTubessa:<\/strong><\/p>\n<ul>\n<li><a href=\"https:\/\/youtu.be\/t-3erZR57OE\" target=\"_blank\" rel=\"noopener\">Scope3-palvelun esittely<\/a><\/li>\n<li><a href=\"https:\/\/youtu.be\/JvTwWv28RZw\" target=\"_blank\" rel=\"noopener\">Opas \u2013 johdanto<\/a><\/li>\n<li><a href=\"https:\/\/youtu.be\/Ixt9RVgbiy8\" target=\"_blank\" rel=\"noopener\">Scope 3: 15 keskeist\u00e4 p\u00e4\u00e4st\u00f6l\u00e4hdett\u00e4<\/a><\/li>\n<li><a href=\"https:\/\/youtu.be\/QyBvAseltiY\" target=\"_blank\" rel=\"noopener\">Ty\u00f6kalu 1 &#8211; <span data-olk-copy-source=\"MessageBody\">Ymm\u00e4rr\u00e4 Scope 3 -p\u00e4\u00e4st\u00f6t<\/span>\u00a0<\/a><\/li>\n<li><a href=\"https:\/\/youtu.be\/aCXRAdkag3o\" target=\"_blank\" rel=\"noopener\">Ty\u00f6kalu 2 &#8211; <span data-olk-copy-source=\"MessageBody\">Tunnista ja raportoi arvoketjusi p\u00e4\u00e4st\u00f6t<\/span><\/a><\/li>\n<li><a href=\"https:\/\/youtu.be\/WFzhNLhnx1s\" target=\"_blank\" rel=\"noopener\">Ty\u00f6kalu 3 &#8211; <span data-olk-copy-source=\"MessageBody\">Opi hyv\u00e4t k\u00e4yt\u00e4nn\u00f6t v\u00e4hennyksille<\/span><\/a><\/li>\n<\/ul>\n<p>&nbsp;<\/p>\n<\/div>\n<div class=\"content\">\n<h2><strong>Pilotointi k\u00e4ynniss\u00e4 \u2013 mukaan p\u00e4\u00e4see nyt<\/strong><\/h2>\n<p><img decoding=\"async\" src=\"https:\/\/sites.uwasa.fi\/minca\/wp-content\/blogs.dir\/4\/files\/sites\/219\/2026\/01\/mincaetusivu.png\" alt=\"Toinen kuva\" \/><\/p>\n<p>MINCA-ty\u00f6kalujen pilotointi on k\u00e4ynniss\u00e4. Kev\u00e4\u00e4n aikana ty\u00f6kaluja hy\u00f6dynnet\u00e4\u00e4n yritysten todellisissa k\u00e4ytt\u00f6tilanteissa, ja kokemuksia ker\u00e4t\u00e4\u00e4n jatkokehityksen tueksi.<\/p>\n<p>Pilotointi etenee vaiheittain, ja mukaan p\u00e4\u00e4see edelleen matalalla kynnyksell\u00e4. Tavoitteena on ymm\u00e4rt\u00e4\u00e4, miten ty\u00f6kalut toimivat erilaisissa yritysymp\u00e4rist\u00f6iss\u00e4 ja miten ne tukevat Scope 3 -ty\u00f6t\u00e4 k\u00e4yt\u00e4nn\u00f6ss\u00e4.<\/p>\n<p>Kiinnostuitko pilotoinnista?<\/p>\n<p>Ilmoittaudu mukaan: <a href=\"https:\/\/link.webropolsurveys.com\/S\/57DA1698D999B712\" target=\"_blank\" rel=\"noopener\">https:\/\/link.webropolsurveys.com\/S\/57DA1698D999B712<\/a> tai ota yhteytt\u00e4: <a href=\"mailto:oskari.huttunen@uwasa.fi\">oskari.huttunen@uwasa.fi<\/a><\/p>\n<p>&nbsp;<\/p>\n<\/div>\n<div class=\"content\">\n<h2><strong>MINCA Akateemisilla heimop\u00e4ivill\u00e4 Sein\u00e4joella<\/strong><\/h2>\n<p><img decoding=\"async\" src=\"https:\/\/sites.uwasa.fi\/minca\/wp-content\/blogs.dir\/4\/files\/sites\/219\/2025\/12\/img-8275-1080x560.jpeg\" alt=\"Toinen kuva\" \/><\/p>\n<p>MINCA-hanke osallistui Akateemisiin heimop\u00e4iviin Sein\u00e4joella 10.\u201311.12.2025. Hankkeen esityksess\u00e4 korostuivat pk-yrityksille suunnatut konkreettiset menetelm\u00e4t Scope 3 -p\u00e4\u00e4st\u00f6jen hallintaan sek\u00e4 tutkimuksen ja k\u00e4yt\u00e4nn\u00f6n vuoropuhelu.<\/p>\n<ul>\n<li><a href=\"https:\/\/epky.fi\/epanet\/ajankohtaista\/akateemiset-heimopaivat\/\" target=\"_blank\" rel=\"noopener\">Lue lis\u00e4\u00e4 tilaisuudesta<\/a><\/li>\n<li><a href=\"https:\/\/sites.uwasa.fi\/minca\/2025\/12\/16\/minca-mukana-akateemisilla-heimopaivilla-seinajoella\/\" target=\"_blank\" rel=\"noopener\">Lue uutinen verkkosivuillamme<\/a><\/li>\n<\/ul>\n<p>&nbsp;<\/p>\n<\/div>\n<div class=\"content\">\n<h2><strong>Kev\u00e4\u00e4ll\u00e4 2026: yhteisty\u00f6t\u00e4 ja k\u00e4yt\u00e4nn\u00f6n tekemist\u00e4<\/strong><\/h2>\n<p>Kev\u00e4\u00e4n aikana MINCA-hankkeessa painottuvat:<\/p>\n<p>&#8211; ty\u00f6kalujen hy\u00f6dynt\u00e4minen pilotointik\u00e4yt\u00f6ss\u00e4<br \/>\n&#8211; osallistuminen yrityksille suunnattuihin tilaisuuksiin<br \/>\n&#8211; yhteisty\u00f6 linkittyvien hankkeiden kanssa<\/p>\n<p>&nbsp;<\/p>\n<p>MINCA tekee yhteisty\u00f6t\u00e4 erityisesti seuraavien kokonaisuuksien kanssa:<\/p>\n<ul>\n<li><strong>Hiilineutraali Roves<\/strong>:<br \/>\n<a href=\"https:\/\/intoseinajoki.fi\/hiilineutraali-roves\/\" target=\"_blank\" rel=\"noopener\">https:\/\/intoseinajoki.fi\/hiilineutraali-roves\/<\/a><\/li>\n<li><strong>Vastuullisuus k\u00e4yt\u00e4nn\u00f6n teoiksi:<\/strong><br \/>\n<a href=\"https:\/\/www.syo.fi\/vastuullisuushanke\/\" target=\"_blank\" rel=\"noopener\">https:\/\/www.syo.fi\/vastuullisuushanke\/<\/a><\/li>\n<\/ul>\n<p>&nbsp;<\/p>\n<\/div>\n<p>Tutustu tarkemmin ty\u00f6kaluihin ja hankkeen etenemiseen:<\/p>\n<p><a href=\"https:\/\/scope3.fi\" target=\"new\" rel=\"noopener\">scope3.fi-alusta<\/a><\/p>\n<p><a href=\"https:\/\/sites.uwasa.fi\/minca\" target=\"new\" rel=\"noopener\">Lue lis\u00e4\u00e4 hankkeesta<\/a><\/p>\n<p><a href=\"https:\/\/www.linkedin.com\/company\/mincahanke\/\" target=\"new\" rel=\"noopener\">MINCA-hanke LinkedIniss\u00e4<\/a> \u2013 jaa, tykk\u00e4\u00e4 ja pysy mukana hankkeen vaiheissa<\/p>\n<p>Terveisin,\u00a0MINCA-hankeryhm\u00e4<\/p>\n<\/div>\n<p><!-- a49WnjZlxhC7euLM9lLLqLeXuTJawuLH_MM_Minca_newsletterJtdfqOhfYMfCplujDZ4iWhCd6fTNEpfL --><\/p>\n<p><img decoding=\"async\" src=\"https:\/\/sites.uwasa.fi\/minca\/wp-content\/blogs.dir\/4\/files\/sites\/219\/2025\/03\/minca-newsletter-imageala.png\" alt=\"Minca Logo\" \/><\/td>\n<\/tr>\n<\/tbody>\n<\/table>\n<p>&nbsp;<\/p>\n","protected":false},"excerpt":{"rendered":"<p>&nbsp; &nbsp; Uusi vuosi MINCA-hankkeessa on py\u00f6r\u00e4ht\u00e4nyt k\u00e4yntiin ja j\u00e4lleen on uutiskirjeen aika. Kev\u00e4\u00e4ll\u00e4 2026 hankkeessa keskityt\u00e4\u00e4n julkaistujen ty\u00f6kalujen hy\u00f6dynt\u00e4miseen, k\u00e4ynniss\u00e4 olevaan pilotointiin sek\u00e4 osallistumiseen yrityksille suunnattuihin tilaisuuksiin. Lue alta tarkemmin ajankohtaisista tapahtumistamme: &nbsp; MINCA &amp; Vastuullisuus k\u00e4yt\u00e4nn\u00f6n teoiksi -ty\u00f6pajat MINCA-hanke on mukana\u00a0Suomen Yritt\u00e4j\u00e4opiston\u00a0toteuttamissa maksuttomissa verkkoty\u00f6pajoissa, joissa yritykset saavat k\u00e4yt\u00e4nn\u00f6nl\u00e4heist\u00e4 tukea vastuullisuuden kehitt\u00e4miseen ja kilpailukyvyn [&hellip;]<\/p>\n","protected":false},"author":29,"featured_media":332,"comment_status":"open","ping_status":"open","sticky":false,"template":"","format":"standard","meta":{"_acf_changed":false,"footnotes":""},"categories":[2],"tags":[],"class_list":["post-597","post","type-post","status-publish","format-standard","has-post-thumbnail","hentry","category-uutiset"],"acf":[],"post_meta":"<span class=\"author\"> <span class=\"vcard\"><a class=\"url fn n\" href=\"https:\/\/sites.uwasa.fi\/minca\/author\/mjmae\/\">Mikael M\u00e4enp\u00e4\u00e4<\/a><\/span><\/span><span class=\"posted-on\"><a href=\"https:\/\/sites.uwasa.fi\/minca\/2026\/01\/15\/minca-uutiskirje-1-2026\/\" rel=\"bookmark\"><time class=\"entry-date published updated\" datetime=\"2026-01-15T14:58:21+02:00\">15.01.2026<\/time><\/a><\/span>","post_categories":"<span class=\"entry-categories cat-links\"><a href=\"https:\/\/sites.uwasa.fi\/minca\/category\/uutiset\/\" rel=\"category tag\">Uutiset<\/a><\/span>","post_thumbnail":"<a href=\"https:\/\/sites.uwasa.fi\/minca\/2026\/01\/15\/minca-uutiskirje-1-2026\/\"><img width=\"640\" height=\"360\" src=\"https:\/\/sites.uwasa.fi\/minca\/wp-content\/blogs.dir\/4\/files\/sites\/219\/2025\/03\/minca-ajankohtaisuutinen-uutiskirje-uutinenb-640x360.png\" class=\"attachment-banner-wide-640 size-banner-wide-640 wp-post-image\" alt=\"\" decoding=\"async\" loading=\"lazy\" srcset=\"https:\/\/sites.uwasa.fi\/minca\/wp-content\/blogs.dir\/4\/files\/sites\/219\/2025\/03\/minca-ajankohtaisuutinen-uutiskirje-uutinenb-640x360.png 640w, https:\/\/sites.uwasa.fi\/minca\/wp-content\/blogs.dir\/4\/files\/sites\/219\/2025\/03\/minca-ajankohtaisuutinen-uutiskirje-uutinenb-320x180.png 320w\" sizes=\"(max-width: 640px) 100vw, 640px\" \/><\/a>","_links":{"self":[{"href":"https:\/\/sites.uwasa.fi\/minca\/wp-json\/wp\/v2\/posts\/597"}],"collection":[{"href":"https:\/\/sites.uwasa.fi\/minca\/wp-json\/wp\/v2\/posts"}],"about":[{"href":"https:\/\/sites.uwasa.fi\/minca\/wp-json\/wp\/v2\/types\/post"}],"author":[{"embeddable":true,"href":"https:\/\/sites.uwasa.fi\/minca\/wp-json\/wp\/v2\/users\/29"}],"replies":[{"embeddable":true,"href":"https:\/\/sites.uwasa.fi\/minca\/wp-json\/wp\/v2\/comments?post=597"}],"version-history":[{"count":54,"href":"https:\/\/sites.uwasa.fi\/minca\/wp-json\/wp\/v2\/posts\/597\/revisions"}],"predecessor-version":[{"id":666,"href":"https:\/\/sites.uwasa.fi\/minca\/wp-json\/wp\/v2\/posts\/597\/revisions\/666"}],"wp:featuredmedia":[{"embeddable":true,"href":"https:\/\/sites.uwasa.fi\/minca\/wp-json\/wp\/v2\/media\/332"}],"wp:attachment":[{"href":"https:\/\/sites.uwasa.fi\/minca\/wp-json\/wp\/v2\/media?parent=597"}],"wp:term":[{"taxonomy":"category","embeddable":true,"href":"https:\/\/sites.uwasa.fi\/minca\/wp-json\/wp\/v2\/categories?post=597"},{"taxonomy":"post_tag","embeddable":true,"href":"https:\/\/sites.uwasa.fi\/minca\/wp-json\/wp\/v2\/tags?post=597"}],"curies":[{"name":"wp","href":"https:\/\/api.w.org\/{rel}","templated":true}]}}