{"id":575,"date":"2026-01-07T16:02:41","date_gmt":"2026-01-07T14:02:41","guid":{"rendered":"https:\/\/sites.uwasa.fi\/minca\/?p=575"},"modified":"2026-04-01T11:26:49","modified_gmt":"2026-04-01T08:26:49","slug":"vastuullisuuskaytannonteoiksi","status":"publish","type":"post","link":"https:\/\/sites.uwasa.fi\/minca\/2026\/01\/07\/vastuullisuuskaytannonteoiksi\/","title":{"rendered":"MINCA mukana Suomen Yritt\u00e4j\u00e4opiston j\u00e4rjest\u00e4miss\u00e4 verkkoty\u00f6pajoissa kev\u00e4\u00e4ll\u00e4 2026 &#8211; ilmoittaudu mukaan!"},"content":{"rendered":"<p>MINCA-hanke on mukana <a href=\"https:\/\/www.syo.fi\/vastuullisuushanke\/\" target=\"_blank\" rel=\"noopener\">Suomen yritt\u00e4j\u00e4opiston<\/a> toteuttamissa maksuttomissa verkkoty\u00f6pajoissa, joissa yritykset saavat k\u00e4yt\u00e4nn\u00f6nl\u00e4heist\u00e4 tukea vastuullisuuden kehitt\u00e4miseen ja kilpailukyvyn vahvistamiseen.<\/p>\n<ul>\n<li><a href=\"https:\/\/sites.uwasa.fi\/minca\/wp-content\/blogs.dir\/4\/files\/sites\/219\/2026\/01\/Esite-tyopajat-2026.pdf\" target=\"_blank\" rel=\"noopener\">Lataa tilaisuuden esite t\u00e4st\u00e4 (pdf).<\/a><\/li>\n<\/ul>\n<p>Kev\u00e4\u00e4ll\u00e4 2026 j\u00e4rjestett\u00e4v\u00e4 <strong>Vastuullisuus k\u00e4yt\u00e4nn\u00f6n teoiksi!<\/strong> -ty\u00f6pajasarja koostuu nelj\u00e4st\u00e4 Teams-webinaarista. Osallistujat voivat osallistua kaikkiin ty\u00f6pajoihin tai valita omaan tilanteeseensa sopivat kokonaisuudet.<\/p>\n<p>MINCA-hankkeen rooli painottuu ty\u00f6pajoihin 1 ja 3, joissa esitell\u00e4\u00e4n ja hy\u00f6dynnet\u00e4\u00e4n hankkeessa kehitettyj\u00e4, <a href=\"http:\/\/www.scope3.fi\" target=\"_blank\" rel=\"noopener\">Scope3.fi-palvelusta<\/a> l\u00f6ytyvi\u00e4 ty\u00f6kaluja yritysten toimitusketjujen ep\u00e4suorien p\u00e4\u00e4st\u00f6jen (Scope 3) tunnistamiseen.<\/p>\n<p>Ty\u00f6pajat on suunnattu <strong>Lapuan ja Kauhavan alueen yrityksille, yritystoimintaa suunnitteleville sek\u00e4 sidosryhmille<\/strong>, jotka haluavat kehitt\u00e4\u00e4 toimintaansa vastuullisemmaksi.<\/p>\n<h3><strong>Ty\u00f6pajojen aikataulut ja aiheet:<\/strong><\/h3>\n<p>&nbsp;<\/p>\n<p><strong>Ty\u00f6paja 1 \u2013 ke 28.1.2026 klo 9\u201311.30<\/strong><\/p>\n<h4><strong>Mit\u00e4 vastuullisuus on?<\/strong><\/h4>\n<p>Saat tietoa siit\u00e4, mit\u00e4 vastuullisuus on ja analy\u00adsoit omaa yritystoimintaasi vastuullisuuden n\u00e4k\u00f6kulmasta. <strong>Esittelemme my\u00f6s MINCA-hankkeen k\u00e4yt\u00e4nn\u00f6nl\u00e4heisi\u00e4 ty\u00f6kaluja p\u00e4\u00e4st\u00f6v\u00e4hennysten tunnistamiseen toimitusketjuissa.<\/strong><\/p>\n<p>&nbsp;<\/p>\n<p><strong>Ty\u00f6paja 2 \u2013 to 5.2.2026 klo 9\u201311.30<\/strong><\/p>\n<h4><strong>Uutta bisnest\u00e4 tai ideaa kiertotaloudesta?<\/strong><\/h4>\n<p>Laajennat ymm\u00e4rryst\u00e4si siit\u00e4, miten kiertotalouden avulla voi luoda uutta bisnest\u00e4 tai kehitt\u00e4\u00e4 olemassa olevaa liiketoimintaa.<\/p>\n<p>&nbsp;<\/p>\n<p><strong>Ty\u00f6paja 3 \u2013 to 12.2.2026 klo 9\u201311.30<\/strong><\/p>\n<h4><strong>Vastuullisuus kilpailukyvyn vahvistajana<\/strong>:<\/h4>\n<p>suuntaviivat oman yrityk\u00adsesi vastuullisuusty\u00f6h\u00f6n. P\u00e4\u00e4set laatimaan konkreettisen suunnitelman oman yrityksesi vastuullisuustoimia varten. <strong>Lis\u00e4ksi saat vinkkej\u00e4, miten hy\u00f6dynt\u00e4\u00e4 MINCA-hankkeen ty\u00f6kaluilla saamaasi tietoa yrityksesi vastuullisuuden kehitt\u00e4misess\u00e4<\/strong>.<\/p>\n<p>&nbsp;<\/p>\n<p><strong>Ty\u00f6paja 4 \u2013 to 19.2.2026 klo 12\u201314.30<\/strong><\/p>\n<h4><strong>Konkreettiset toimet kest\u00e4v\u00e4mp\u00e4\u00e4n bisnekseen<\/strong>:<\/h4>\n<p>N\u00e4ist\u00e4 aloitan! Saat tukea oman vastuullisuussuunnitelmasi k\u00e4yt\u00e4nt\u00f6\u00f6n viemiseen ja vinkkej\u00e4 vastuullisuusteoista viestimiseen.<\/p>\n<p>&nbsp;<\/p>\n<h3><strong>Ilmoittautuminen<\/strong><\/h3>\n<p>Lis\u00e4tiedot ja ilmoittautuminen l\u00f6ytyv\u00e4t Suomen Yritt\u00e4j\u00e4opiston verkkosivuilta:<\/p>\n<p><a href=\"https:\/\/www.syo.fi\/tapahtuma\/verkkotyopaja-vastuullisuus-kilpailukyvyn-vahvistajana-swot-analyysi-yrityksesi-kestavyystyohon\/\" target=\"_blank\" rel=\"noopener\"><u>https:\/\/www.syo.fi\/tapahtuma\/verkkotyopaja-vastuullisuus-kilpailukyvyn-vahvistajana-swot-analyysi-yrityksesi-kestavyystyohon\/<\/u><\/a><\/p>\n","protected":false},"excerpt":{"rendered":"<p>MINCA-hanke on mukana Suomen yritt\u00e4j\u00e4opiston toteuttamissa maksuttomissa verkkoty\u00f6pajoissa, joissa yritykset saavat k\u00e4yt\u00e4nn\u00f6nl\u00e4heist\u00e4 tukea vastuullisuuden kehitt\u00e4miseen ja kilpailukyvyn vahvistamiseen. Lataa tilaisuuden esite t\u00e4st\u00e4 (pdf). Kev\u00e4\u00e4ll\u00e4 2026 j\u00e4rjestett\u00e4v\u00e4 Vastuullisuus k\u00e4yt\u00e4nn\u00f6n teoiksi! -ty\u00f6pajasarja koostuu nelj\u00e4st\u00e4 Teams-webinaarista. Osallistujat voivat osallistua kaikkiin ty\u00f6pajoihin tai valita omaan tilanteeseensa sopivat kokonaisuudet. MINCA-hankkeen rooli painottuu ty\u00f6pajoihin 1 ja 3, joissa esitell\u00e4\u00e4n ja hy\u00f6dynnet\u00e4\u00e4n [&hellip;]<\/p>\n","protected":false},"author":29,"featured_media":593,"comment_status":"open","ping_status":"open","sticky":false,"template":"","format":"standard","meta":{"_acf_changed":false,"footnotes":""},"categories":[2],"tags":[],"class_list":["post-575","post","type-post","status-publish","format-standard","has-post-thumbnail","hentry","category-uutiset"],"acf":[],"post_meta":"<span class=\"author\"> <span class=\"vcard\"><a class=\"url fn n\" href=\"https:\/\/sites.uwasa.fi\/minca\/author\/mjmae\/\">Mikael M\u00e4enp\u00e4\u00e4<\/a><\/span><\/span><span class=\"posted-on\"><a href=\"https:\/\/sites.uwasa.fi\/minca\/2026\/01\/07\/vastuullisuuskaytannonteoiksi\/\" rel=\"bookmark\"><time class=\"entry-date published updated\" datetime=\"2026-01-07T16:02:41+02:00\">07.01.2026<\/time><\/a><\/span>","post_categories":"<span class=\"entry-categories cat-links\"><a href=\"https:\/\/sites.uwasa.fi\/minca\/category\/uutiset\/\" rel=\"category tag\">Uutiset<\/a><\/span>","post_thumbnail":"<a href=\"https:\/\/sites.uwasa.fi\/minca\/2026\/01\/07\/vastuullisuuskaytannonteoiksi\/\"><img width=\"640\" height=\"360\" src=\"https:\/\/sites.uwasa.fi\/minca\/wp-content\/blogs.dir\/4\/files\/sites\/219\/2026\/01\/minca-ajankohtaisuutinen-vastuullisuustyopaja2-640x360.png\" class=\"attachment-banner-wide-640 size-banner-wide-640 wp-post-image\" alt=\"\" decoding=\"async\" loading=\"lazy\" srcset=\"https:\/\/sites.uwasa.fi\/minca\/wp-content\/blogs.dir\/4\/files\/sites\/219\/2026\/01\/minca-ajankohtaisuutinen-vastuullisuustyopaja2-640x360.png 640w, https:\/\/sites.uwasa.fi\/minca\/wp-content\/blogs.dir\/4\/files\/sites\/219\/2026\/01\/minca-ajankohtaisuutinen-vastuullisuustyopaja2-320x180.png 320w\" sizes=\"(max-width: 640px) 100vw, 640px\" \/><\/a>","_links":{"self":[{"href":"https:\/\/sites.uwasa.fi\/minca\/wp-json\/wp\/v2\/posts\/575"}],"collection":[{"href":"https:\/\/sites.uwasa.fi\/minca\/wp-json\/wp\/v2\/posts"}],"about":[{"href":"https:\/\/sites.uwasa.fi\/minca\/wp-json\/wp\/v2\/types\/post"}],"author":[{"embeddable":true,"href":"https:\/\/sites.uwasa.fi\/minca\/wp-json\/wp\/v2\/users\/29"}],"replies":[{"embeddable":true,"href":"https:\/\/sites.uwasa.fi\/minca\/wp-json\/wp\/v2\/comments?post=575"}],"version-history":[{"count":18,"href":"https:\/\/sites.uwasa.fi\/minca\/wp-json\/wp\/v2\/posts\/575\/revisions"}],"predecessor-version":[{"id":665,"href":"https:\/\/sites.uwasa.fi\/minca\/wp-json\/wp\/v2\/posts\/575\/revisions\/665"}],"wp:featuredmedia":[{"embeddable":true,"href":"https:\/\/sites.uwasa.fi\/minca\/wp-json\/wp\/v2\/media\/593"}],"wp:attachment":[{"href":"https:\/\/sites.uwasa.fi\/minca\/wp-json\/wp\/v2\/media?parent=575"}],"wp:term":[{"taxonomy":"category","embeddable":true,"href":"https:\/\/sites.uwasa.fi\/minca\/wp-json\/wp\/v2\/categories?post=575"},{"taxonomy":"post_tag","embeddable":true,"href":"https:\/\/sites.uwasa.fi\/minca\/wp-json\/wp\/v2\/tags?post=575"}],"curies":[{"name":"wp","href":"https:\/\/api.w.org\/{rel}","templated":true}]}}