{"id":458,"date":"2025-09-18T11:15:03","date_gmt":"2025-09-18T08:15:03","guid":{"rendered":"https:\/\/sites.uwasa.fi\/minca\/?p=458"},"modified":"2025-10-08T15:03:49","modified_gmt":"2025-10-08T12:03:49","slug":"kestavankehityksenviikko25","status":"publish","type":"post","link":"https:\/\/sites.uwasa.fi\/minca\/2025\/09\/18\/kestavankehityksenviikko25\/","title":{"rendered":"MINCA-hanke &amp; scope3.fi mukana Kest\u00e4v\u00e4n kehityksen viikolla 22.\u201328.9.2025"},"content":{"rendered":"<p><a href=\"https:\/\/sites.uwasa.fi\/minca\/wp-content\/blogs.dir\/4\/files\/sites\/219\/2025\/09\/minca-660x435-2025-kekeviikko-1.png\"><img loading=\"lazy\" decoding=\"async\" class=\"wp-image-464 aligncenter\" src=\"https:\/\/sites.uwasa.fi\/minca\/wp-content\/blogs.dir\/4\/files\/sites\/219\/2025\/09\/minca-660x435-2025-kekeviikko-1.png\" alt=\"\" width=\"520\" height=\"343\" srcset=\"https:\/\/sites.uwasa.fi\/minca\/wp-content\/blogs.dir\/4\/files\/sites\/219\/2025\/09\/minca-660x435-2025-kekeviikko-1.png 1320w, https:\/\/sites.uwasa.fi\/minca\/wp-content\/blogs.dir\/4\/files\/sites\/219\/2025\/09\/minca-660x435-2025-kekeviikko-1-300x198.png 300w, https:\/\/sites.uwasa.fi\/minca\/wp-content\/blogs.dir\/4\/files\/sites\/219\/2025\/09\/minca-660x435-2025-kekeviikko-1-1024x675.png 1024w, https:\/\/sites.uwasa.fi\/minca\/wp-content\/blogs.dir\/4\/files\/sites\/219\/2025\/09\/minca-660x435-2025-kekeviikko-1-768x506.png 768w\" sizes=\"(max-width: 520px) 100vw, 520px\" \/><\/a><\/p>\n<p>Olemme mukana <a href=\"https:\/\/kestavankehityksenviikko.fi\/events\/apua-epasuorien-paastojen-hallintaan\/\">Kest\u00e4v\u00e4n kehityksen viikolla<\/a> 22.\u201328.9.2025 nostamassa esiin toimitusketjujen p\u00e4\u00e4st\u00f6jen v\u00e4hent\u00e4misen merkityst\u00e4 erityisesti Etel\u00e4-Pohjanmaalla. Haluamme omalta osaltamme tuoda n\u00e4kyv\u00e4ksi maaseudulla teht\u00e4v\u00e4\u00e4 kest\u00e4v\u00e4n kehityksen t\u00e4rke\u00e4\u00e4 ty\u00f6t\u00e4. MINCA-hanke tukee t\u00e4t\u00e4 tavoitetta tarjoamalla tietoa ja ty\u00f6kaluja yritysten toimitusketjujen p\u00e4\u00e4st\u00f6jen hallintaan.<\/p>\n<p><a href=\"https:\/\/scope3.fi\"><strong>scope3.fi<\/strong><\/a> on MINCA-hankkeessa kehitetty verkkopalvelu, joka auttaa tunnistamaan ja v\u00e4hent\u00e4m\u00e4\u00e4n erityisesti <em>Scope 3 -p\u00e4\u00e4st\u00f6j\u00e4<\/em> eli yritysten ep\u00e4suoria p\u00e4\u00e4st\u00f6j\u00e4, jotka syntyv\u00e4t esimerkiksi hankinnoista, kuljetuksista, varastoinnista ja tuotteiden k\u00e4yt\u00f6st\u00e4.<\/p>\n<p>Sivustolla on demonstraatioita, joilla pk-yritykset voivat kehitt\u00e4\u00e4 toimitusketjujensa vastuullisuutta ja l\u00f6yt\u00e4\u00e4 innovatiivisia ratkaisuja p\u00e4\u00e4st\u00f6v\u00e4hennyksiin. K\u00e4y kokeilemassa <a href=\"https:\/\/scope3.fi\">scope3.fi<\/a>-palvelua ja katso, mit\u00e4 se tarjoaa \u2013 saatat saada uusia n\u00e4k\u00f6kulmia oman yrityksesi toimintaan!<\/p>\n<p>&nbsp;<\/p>\n<p>Seuraa my\u00f6s, mit\u00e4 muuta kiinnostavaa Kest\u00e4v\u00e4n kehityksen viikolla tapahtuu, ja tule mukaan!<\/p>\n<p><a href=\"https:\/\/www.kestavankehityksenviikko.fi\">kestavankehityksenviikko.fi<\/a><\/p>\n<p>Kest\u00e4v\u00e4n kehityksen viikko tarjoaa erilaisia tapahtumia ja aktiviteetteja, kuten ty\u00f6pajoja, luentoja ja teemap\u00e4ivi\u00e4, joissa nostetaan esille vastuullisuusty\u00f6t\u00e4 maaseudulla. Viikko on erinomainen mahdollisuus keskustella kest\u00e4vyyskysymyksist\u00e4 ja tuoda esiin uusia ideoita sosiaalisen, taloudellisen ja ekologisen kest\u00e4vyyden edist\u00e4miseksi.<\/p>\n<p>MINCA on Vaasan yliopiston toteuttama ja Euroopan unionin osarahoittama hanke, jonka toimenpiteet kohdistuvat Etel\u00e4-Pohjanmaalle.<\/p>\n","protected":false},"excerpt":{"rendered":"<p>Olemme mukana Kest\u00e4v\u00e4n kehityksen viikolla 22.\u201328.9.2025 nostamassa esiin toimitusketjujen p\u00e4\u00e4st\u00f6jen v\u00e4hent\u00e4misen merkityst\u00e4 erityisesti Etel\u00e4-Pohjanmaalla. Haluamme omalta osaltamme tuoda n\u00e4kyv\u00e4ksi maaseudulla teht\u00e4v\u00e4\u00e4 kest\u00e4v\u00e4n kehityksen t\u00e4rke\u00e4\u00e4 ty\u00f6t\u00e4. MINCA-hanke tukee t\u00e4t\u00e4 tavoitetta tarjoamalla tietoa ja ty\u00f6kaluja yritysten toimitusketjujen p\u00e4\u00e4st\u00f6jen hallintaan. scope3.fi on MINCA-hankkeessa kehitetty verkkopalvelu, joka auttaa tunnistamaan ja v\u00e4hent\u00e4m\u00e4\u00e4n erityisesti Scope 3 -p\u00e4\u00e4st\u00f6j\u00e4 eli yritysten ep\u00e4suoria p\u00e4\u00e4st\u00f6j\u00e4, [&hellip;]<\/p>\n","protected":false},"author":29,"featured_media":459,"comment_status":"open","ping_status":"open","sticky":false,"template":"","format":"standard","meta":{"_acf_changed":false,"footnotes":""},"categories":[2],"tags":[],"class_list":["post-458","post","type-post","status-publish","format-standard","has-post-thumbnail","hentry","category-uutiset"],"acf":[],"post_meta":"<span class=\"author\"> <span class=\"vcard\"><a class=\"url fn n\" href=\"https:\/\/sites.uwasa.fi\/minca\/author\/mjmae\/\">Mikael M\u00e4enp\u00e4\u00e4<\/a><\/span><\/span><span class=\"posted-on\"><a href=\"https:\/\/sites.uwasa.fi\/minca\/2025\/09\/18\/kestavankehityksenviikko25\/\" rel=\"bookmark\"><time class=\"entry-date published updated\" datetime=\"2025-09-18T11:15:03+03:00\">18.09.2025<\/time><\/a><\/span>","post_categories":"<span class=\"entry-categories cat-links\"><a href=\"https:\/\/sites.uwasa.fi\/minca\/category\/uutiset\/\" rel=\"category tag\">Uutiset<\/a><\/span>","post_thumbnail":"<a href=\"https:\/\/sites.uwasa.fi\/minca\/2025\/09\/18\/kestavankehityksenviikko25\/\"><img width=\"640\" height=\"360\" src=\"https:\/\/sites.uwasa.fi\/minca\/wp-content\/blogs.dir\/4\/files\/sites\/219\/2025\/09\/minca-ajankohtaisuutinen-kestavankehityksenviikko-640x360.png\" class=\"attachment-banner-wide-640 size-banner-wide-640 wp-post-image\" alt=\"\" decoding=\"async\" loading=\"lazy\" srcset=\"https:\/\/sites.uwasa.fi\/minca\/wp-content\/blogs.dir\/4\/files\/sites\/219\/2025\/09\/minca-ajankohtaisuutinen-kestavankehityksenviikko-640x360.png 640w, https:\/\/sites.uwasa.fi\/minca\/wp-content\/blogs.dir\/4\/files\/sites\/219\/2025\/09\/minca-ajankohtaisuutinen-kestavankehityksenviikko-320x180.png 320w\" sizes=\"(max-width: 640px) 100vw, 640px\" \/><\/a>","_links":{"self":[{"href":"https:\/\/sites.uwasa.fi\/minca\/wp-json\/wp\/v2\/posts\/458"}],"collection":[{"href":"https:\/\/sites.uwasa.fi\/minca\/wp-json\/wp\/v2\/posts"}],"about":[{"href":"https:\/\/sites.uwasa.fi\/minca\/wp-json\/wp\/v2\/types\/post"}],"author":[{"embeddable":true,"href":"https:\/\/sites.uwasa.fi\/minca\/wp-json\/wp\/v2\/users\/29"}],"replies":[{"embeddable":true,"href":"https:\/\/sites.uwasa.fi\/minca\/wp-json\/wp\/v2\/comments?post=458"}],"version-history":[{"count":8,"href":"https:\/\/sites.uwasa.fi\/minca\/wp-json\/wp\/v2\/posts\/458\/revisions"}],"predecessor-version":[{"id":468,"href":"https:\/\/sites.uwasa.fi\/minca\/wp-json\/wp\/v2\/posts\/458\/revisions\/468"}],"wp:featuredmedia":[{"embeddable":true,"href":"https:\/\/sites.uwasa.fi\/minca\/wp-json\/wp\/v2\/media\/459"}],"wp:attachment":[{"href":"https:\/\/sites.uwasa.fi\/minca\/wp-json\/wp\/v2\/media?parent=458"}],"wp:term":[{"taxonomy":"category","embeddable":true,"href":"https:\/\/sites.uwasa.fi\/minca\/wp-json\/wp\/v2\/categories?post=458"},{"taxonomy":"post_tag","embeddable":true,"href":"https:\/\/sites.uwasa.fi\/minca\/wp-json\/wp\/v2\/tags?post=458"}],"curies":[{"name":"wp","href":"https:\/\/api.w.org\/{rel}","templated":true}]}}