{"id":291,"date":"2024-10-11T08:57:47","date_gmt":"2024-10-11T05:57:47","guid":{"rendered":"https:\/\/sites.uwasa.fi\/minca\/?p=291"},"modified":"2025-03-20T13:39:47","modified_gmt":"2025-03-20T11:39:47","slug":"tiedatko-miten-uusi-eu-direktiivi-vaikuttaa-yrityksesi-raportointiin-epasuorista-paastoista","status":"publish","type":"post","link":"https:\/\/sites.uwasa.fi\/minca\/2024\/10\/11\/tiedatko-miten-uusi-eu-direktiivi-vaikuttaa-yrityksesi-raportointiin-epasuorista-paastoista\/","title":{"rendered":"Tied\u00e4tk\u00f6, miten uusi EU-direktiivi vaikuttaa yrityksesi raportointiin ep\u00e4suorista p\u00e4\u00e4st\u00f6ist\u00e4?"},"content":{"rendered":"<p><strong>Oletko valmis uusiin vastuullisuusraportin vaatimuksiin?<\/strong><\/p>\n<p>Uuden EU-direktiivin (<a href=\"https:\/\/eur-lex.europa.eu\/legal-content\/EN\/TXT\/?uri=CELEX:32022L2464\" target=\"_blank\" rel=\"noopener\">CSRD<\/a>) my\u00f6t\u00e4 yrityksen tulee raportoida ep\u00e4suorista p\u00e4\u00e4st\u00f6ist\u00e4\u00e4n, eli <strong>Scope 3 -p\u00e4\u00e4st\u00f6ist\u00e4<\/strong>. Vuodesta 2024 alkaen direktiivi koskee suuria yrityksi\u00e4 ja vuosina <strong>2025 \u2013 2026 vaatimukset laajenevat koskemaan my\u00f6s pk-yrityksi\u00e4<\/strong>. T\u00e4m\u00e4 tarkoittaa, ett\u00e4 <strong>my\u00f6s pk-yritysten on lis\u00e4tt\u00e4v\u00e4 vastuullisuusraportointiinsa <\/strong>ep\u00e4suorien p\u00e4\u00e4st\u00f6jen osuus.<\/p>\n<p>K\u00e4yt\u00e4nn\u00f6ss\u00e4 pienempikin yritys saattaa joutua aloittamaan p\u00e4\u00e4st\u00f6datan ker\u00e4\u00e4misen jo vuonna 2024 erityisesti, jos sill\u00e4 esimerkiksi on asiakkaanaan suuryritys.<\/p>\n<p>Me MINCA-hankkeessa <strong>haluamme auttaa<\/strong> etel\u00e4pohjalaisia yrityksi\u00e4 vastaamaan n\u00e4ihin vaatimuksiin kehitt\u00e4m\u00e4ll\u00e4 yritysten toimitusketjuja keskittyen ep\u00e4suorien, eli sovellusalan 3 (Scope 3) p\u00e4\u00e4st\u00f6jen v\u00e4hent\u00e4miseen. Ratkaisumme voivat auttaa esimerkiksi p\u00e4\u00e4st\u00f6jen kartoittamisessa, mittaamisessa, v\u00e4hent\u00e4misess\u00e4 ja raportoinnissa.<\/p>\n<p>Haluamme kuulla yritysten <strong>n\u00e4kemyksi\u00e4 ja kokemuksia<\/strong> p\u00e4\u00e4st\u00f6jen v\u00e4hent\u00e4misest\u00e4 sek\u00e4 tarjota mahdollisuuden osallistua <strong>yhteiskehitt\u00e4miseen<\/strong>. P\u00e4\u00e4set siis todella vaikuttamaan siihen, millaisia resursseja hanke tarjoaa tulevaisuudessa!<\/p>\n<p>Kyselyyn vastaaminen vie <strong>noin 2 minuuttia<\/strong>. Kyselyn vastauksia k\u00e4sitell\u00e4\u00e4n\u202f<a href=\"http:\/\/sites.uwasa.fi\/minca\/minca-tietosuojailmoitus\/\" target=\"_blank\" rel=\"noopener\">tietosuojailmoituksen<\/a>\u202fmukaisesti.<\/p>\n<p>&nbsp;<\/p>\n<p><strong>Vastaa kyselyyn t\u00e4st\u00e4:<\/strong><strong>\u202f<\/strong><a href=\"https:\/\/link.webropolsurveys.com\/S\/A29773D405CBE5A3\" target=\"_blank\" rel=\"noopener\"><strong>https:\/\/link.webropolsurveys.com\/S\/A29773D405CBE5A3<\/strong><\/a><\/p>\n<p>&nbsp;<\/p>\n<p><strong>Miksi t\u00e4m\u00e4 on t\u00e4rke\u00e4\u00e4?<\/strong><\/p>\n<p>Sovellusalan 3 p\u00e4\u00e4st\u00f6t muodostavat usein suurimman osan yrityksen kokonaisp\u00e4\u00e4st\u00f6ist\u00e4. Yrityksesi <strong>kannattaa ryhty\u00e4 toimenpiteisiin<\/strong> <strong>ajoissa<\/strong> ollakseen kilpailijoihin n\u00e4hden etuly\u00f6ntiasemassa. Jatkossa yrityksen palvelutasoa mitataan my\u00f6s p\u00e4\u00e4st\u00f6raportointikyvykkyyksien perusteella. Raportoinnin laiminly\u00f6nniss\u00e4 piilee lis\u00e4ksi my\u00f6s sanktioiden uhka.<\/p>\n<p>Osallistumisen hy\u00f6dyt yrityksellesi:<\/p>\n<ul>\n<li>Ty\u00f6kaluja ja resursseja ep\u00e4suorien p\u00e4\u00e4st\u00f6jen hallintaan<\/li>\n<\/ul>\n<ul>\n<li>Asiantuntijoiden tukea yrityksesi p\u00e4\u00e4st\u00f6v\u00e4hennystavoitteisiin<\/li>\n<\/ul>\n<ul>\n<li>Mahdollisuus osallistua hankkeen pilottiohjelmiin<\/li>\n<\/ul>\n<p><a href=\"https:\/\/link.webropolsurveys.com\/S\/A29773D405CBE5A3\" target=\"_blank\" rel=\"noopener\">Vastaa siis lyhyeen kyselyymme<\/a> ja auta meit\u00e4 kehitt\u00e4m\u00e4\u00e4n ty\u00f6kaluja, joilla voit s\u00e4\u00e4st\u00e4\u00e4 aikaa ja rahaa ep\u00e4suorien p\u00e4\u00e4st\u00f6jen hallinnassa.<\/p>\n<p>Jos haluat lis\u00e4tietoja, ota yhteytt\u00e4 <a href=\"https:\/\/sites.uwasa.fi\/minca\/yhteystiedot\/\">MINCA-hankkeen henkil\u00f6st\u00f6\u00f6n<\/a>.<\/p>\n","protected":false},"excerpt":{"rendered":"<p>Oletko valmis uusiin vastuullisuusraportin vaatimuksiin? Uuden EU-direktiivin (CSRD) my\u00f6t\u00e4 yrityksen tulee raportoida ep\u00e4suorista p\u00e4\u00e4st\u00f6ist\u00e4\u00e4n, eli Scope 3 -p\u00e4\u00e4st\u00f6ist\u00e4. Vuodesta 2024 alkaen direktiivi koskee suuria yrityksi\u00e4 ja vuosina 2025 \u2013 2026 vaatimukset laajenevat koskemaan my\u00f6s pk-yrityksi\u00e4. T\u00e4m\u00e4 tarkoittaa, ett\u00e4 my\u00f6s pk-yritysten on lis\u00e4tt\u00e4v\u00e4 vastuullisuusraportointiinsa ep\u00e4suorien p\u00e4\u00e4st\u00f6jen osuus. K\u00e4yt\u00e4nn\u00f6ss\u00e4 pienempikin yritys saattaa joutua aloittamaan p\u00e4\u00e4st\u00f6datan ker\u00e4\u00e4misen jo [&hellip;]<\/p>\n","protected":false},"author":29,"featured_media":301,"comment_status":"open","ping_status":"open","sticky":false,"template":"","format":"standard","meta":{"_acf_changed":false,"footnotes":""},"categories":[2],"tags":[],"class_list":["post-291","post","type-post","status-publish","format-standard","has-post-thumbnail","hentry","category-uutiset"],"acf":[],"post_meta":"<span class=\"author\"> <span class=\"vcard\"><a class=\"url fn n\" href=\"https:\/\/sites.uwasa.fi\/minca\/author\/mjmae\/\">Mikael M\u00e4enp\u00e4\u00e4<\/a><\/span><\/span><span class=\"posted-on\"><a href=\"https:\/\/sites.uwasa.fi\/minca\/2024\/10\/11\/tiedatko-miten-uusi-eu-direktiivi-vaikuttaa-yrityksesi-raportointiin-epasuorista-paastoista\/\" rel=\"bookmark\"><time class=\"entry-date published updated\" datetime=\"2024-10-11T08:57:47+03:00\">11.10.2024<\/time><\/a><\/span>","post_categories":"<span class=\"entry-categories cat-links\"><a href=\"https:\/\/sites.uwasa.fi\/minca\/category\/uutiset\/\" rel=\"category tag\">Uutiset<\/a><\/span>","post_thumbnail":"<a href=\"https:\/\/sites.uwasa.fi\/minca\/2024\/10\/11\/tiedatko-miten-uusi-eu-direktiivi-vaikuttaa-yrityksesi-raportointiin-epasuorista-paastoista\/\"><img width=\"640\" height=\"360\" src=\"https:\/\/sites.uwasa.fi\/minca\/wp-content\/blogs.dir\/4\/files\/sites\/219\/2024\/10\/minca-ajankohtaisuutinen-csrd-uutinen-640x360.png\" class=\"attachment-banner-wide-640 size-banner-wide-640 wp-post-image\" alt=\"Vihre\u00e4s\u00e4vyinen kuva puupalikoista, jotka muodostavat kirjaimet c,s,r,d. Palikkojen p\u00e4\u00e4ll\u00e4 on puisia taloja sek\u00e4 puita, jotka viestiv\u00e4t kierr\u00e4tyksest\u00e4 ja ekologisista arvoista.\" decoding=\"async\" loading=\"lazy\" srcset=\"https:\/\/sites.uwasa.fi\/minca\/wp-content\/blogs.dir\/4\/files\/sites\/219\/2024\/10\/minca-ajankohtaisuutinen-csrd-uutinen-640x360.png 640w, https:\/\/sites.uwasa.fi\/minca\/wp-content\/blogs.dir\/4\/files\/sites\/219\/2024\/10\/minca-ajankohtaisuutinen-csrd-uutinen-320x180.png 320w\" sizes=\"(max-width: 640px) 100vw, 640px\" \/><\/a>","_links":{"self":[{"href":"https:\/\/sites.uwasa.fi\/minca\/wp-json\/wp\/v2\/posts\/291"}],"collection":[{"href":"https:\/\/sites.uwasa.fi\/minca\/wp-json\/wp\/v2\/posts"}],"about":[{"href":"https:\/\/sites.uwasa.fi\/minca\/wp-json\/wp\/v2\/types\/post"}],"author":[{"embeddable":true,"href":"https:\/\/sites.uwasa.fi\/minca\/wp-json\/wp\/v2\/users\/29"}],"replies":[{"embeddable":true,"href":"https:\/\/sites.uwasa.fi\/minca\/wp-json\/wp\/v2\/comments?post=291"}],"version-history":[{"count":9,"href":"https:\/\/sites.uwasa.fi\/minca\/wp-json\/wp\/v2\/posts\/291\/revisions"}],"predecessor-version":[{"id":300,"href":"https:\/\/sites.uwasa.fi\/minca\/wp-json\/wp\/v2\/posts\/291\/revisions\/300"}],"wp:featuredmedia":[{"embeddable":true,"href":"https:\/\/sites.uwasa.fi\/minca\/wp-json\/wp\/v2\/media\/301"}],"wp:attachment":[{"href":"https:\/\/sites.uwasa.fi\/minca\/wp-json\/wp\/v2\/media?parent=291"}],"wp:term":[{"taxonomy":"category","embeddable":true,"href":"https:\/\/sites.uwasa.fi\/minca\/wp-json\/wp\/v2\/categories?post=291"},{"taxonomy":"post_tag","embeddable":true,"href":"https:\/\/sites.uwasa.fi\/minca\/wp-json\/wp\/v2\/tags?post=291"}],"curies":[{"name":"wp","href":"https:\/\/api.w.org\/{rel}","templated":true}]}}