{"id":150,"date":"2020-09-30T09:53:07","date_gmt":"2020-09-30T06:53:07","guid":{"rendered":"https:\/\/sites.uwasa.fi\/kampushanke\/?p=150"},"modified":"2021-05-25T14:14:24","modified_gmt":"2021-05-25T11:14:24","slug":"auditorioiden-remontin-ensimmainen-osa-valmistui","status":"publish","type":"post","link":"https:\/\/sites.uwasa.fi\/kampushanke\/2020\/09\/30\/auditorioiden-remontin-ensimmainen-osa-valmistui\/","title":{"rendered":"Auditorioiden remontin ensimm\u00e4inen osa valmistui"},"content":{"rendered":"<p><em><strong>Auditoriot Lev\u00f3n ja Wolff olivat remontissa viime kes\u00e4n. Kahdessa osassa toteutettavan urakan ensimm\u00e4inen osa on valmis, tilat luovutettiin k\u00e4ytt\u00f6\u00f6n viikolla 40.<\/strong><\/em><\/p>\n<p>Auditoriot p\u00e4\u00e4tettiin eriytt\u00e4\u00e4 muusta kampuksen suunnittelusta, sill\u00e4 remontit haluttiin toteuttaa kes\u00e4aikaan. Salit remontoitiin edellisen arkkitehdin ty\u00f6t\u00e4 kunnioittaen. Esteettiset muutokset ovat hillittyj\u00e4, mutta salien k\u00e4ytt\u00f6mukavuus paranee muutosten my\u00f6t\u00e4.<\/p>\n<p>Lev\u00f3nin remontti jaettiin kahdelle kes\u00e4lle, sill\u00e4 teht\u00e4v\u00e4\u00e4 oli paljon ja tila haluttiin pit\u00e4\u00e4 k\u00e4yt\u00f6ss\u00e4 lukukauden ajan. Remontin ensimm\u00e4inen osa on nyt valmis. Ensi kes\u00e4n\u00e4 Lev\u00f3nissa remontoidaan lattiat ja penkit, jonka j\u00e4lkeen sali on kokonaan valmis. Wolffin remontti saatiin kokonaan valmiiksi, ainoastaan esitystekniikan hallintaj\u00e4rjestelm\u00e4\u00e4 ty\u00f6stet\u00e4\u00e4n viel\u00e4.<\/p>\n<p>Auditorioiden suunnittelussa mukana oli henkil\u00f6it\u00e4 eri sidosryhmist\u00e4; opettajia, opiskelijoita sek\u00e4 muuta henkil\u00f6kuntaa. Huomattava parannus molemmissa saleissa on <strong>esteett\u00f6myys,\u00a0<\/strong>jonka suunnitteluun saimme apua kokemusasiantuntijoilta. Alle on listattu saleissa tehtyj\u00e4 muutoksia.<!--more--><\/p>\n<h3>Auditorio Lev\u00f3n<\/h3>\n<ul>\n<li><strong>Valaistus uusittiin kokonaan ja sit\u00e4 lis\u00e4ttiin<\/strong><\/li>\n<li><strong>Esteett\u00f6myytt\u00e4 parannettiin<\/strong>\n<ul>\n<li>Painikkeella avautuvat ovet molempiin kerroksiin<\/li>\n<li>Luiska korokkeelle<\/li>\n<li>Kaiteet portaiden reunoille sek\u00e4 lavakorokkeelle<\/li>\n<li>Korkeuss\u00e4\u00e4dett\u00e4v\u00e4t esityspisteet<\/li>\n<\/ul>\n<\/li>\n<li><strong>Salin etuosaan tehtiin esiintymiskoroke<\/strong>\n<ul>\n<li>Koroke on 14 cm korkea<\/li>\n<li>Lavalle nousee luiskat molemmin puolin<\/li>\n<\/ul>\n<\/li>\n<li><strong>Esitystekniikka uusittiin kokonaan<\/strong>\n<ul>\n<li>Mahdollisuus kahteen kuvanl\u00e4hteeseen<\/li>\n<li>Digitaalinen piirtotaulu<\/li>\n<li>Valaistus s\u00e4\u00e4dett\u00e4viss\u00e4 ohjauspaneelista<\/li>\n<li>Dokumenttikamera<\/li>\n<li>Kamerat ja mikrofonit k\u00e4ytett\u00e4viss\u00e4 et\u00e4yhteyksiin<\/li>\n<li>Laadukas \u00e4\u00e4nentoisto<\/li>\n<\/ul>\n<\/li>\n<li><strong>Akustiikkaa parannettiin<\/strong><\/li>\n<li><strong>Pinnat maalattiin<\/strong><\/li>\n<\/ul>\n<h3>Auditorio Wolff<\/h3>\n<ul>\n<li><strong>Valaistus uusittiin kokonaan ja sit\u00e4 lis\u00e4ttiin<\/strong><\/li>\n<li><strong>Esteett\u00f6myytt\u00e4 parannettiin<\/strong>\n<ul>\n<li>Painikkeella avautuva ovi<\/li>\n<li>Kaiteet portaiden reunoilla<\/li>\n<li>Korkeuss\u00e4\u00e4dett\u00e4v\u00e4 esityspiste<\/li>\n<\/ul>\n<\/li>\n<li><strong>Penkit entis\u00f6itiin ja kunnostettiin k\u00e4sity\u00f6n\u00e4<\/strong>\n<ul>\n<li>Istuimia muotoiltiin ergonomisemmaksi<\/li>\n<\/ul>\n<\/li>\n<li><strong>Uudet p\u00f6yd\u00e4t<\/strong>\n<ul>\n<li>Hiljainen saksihelamekanismi<\/li>\n<\/ul>\n<\/li>\n<\/ul>\n<p><img loading=\"lazy\" decoding=\"async\" class=\"alignnone wp-image-163 size-large\" src=\"https:\/\/sites.uwasa.fi\/kampushanke\/wp-content\/blogs.dir\/4\/files\/sites\/73\/2020\/09\/dsc_0067-1024x683.jpg\" alt=\"Wolffin p\u00f6yd\u00e4t\" width=\"640\" height=\"427\" srcset=\"https:\/\/sites.uwasa.fi\/kampushanke\/wp-content\/blogs.dir\/4\/files\/sites\/73\/2020\/09\/dsc_0067-1024x683.jpg 1024w, https:\/\/sites.uwasa.fi\/kampushanke\/wp-content\/blogs.dir\/4\/files\/sites\/73\/2020\/09\/dsc_0067-300x200.jpg 300w, https:\/\/sites.uwasa.fi\/kampushanke\/wp-content\/blogs.dir\/4\/files\/sites\/73\/2020\/09\/dsc_0067-768x512.jpg 768w, https:\/\/sites.uwasa.fi\/kampushanke\/wp-content\/blogs.dir\/4\/files\/sites\/73\/2020\/09\/dsc_0067-1536x1024.jpg 1536w, https:\/\/sites.uwasa.fi\/kampushanke\/wp-content\/blogs.dir\/4\/files\/sites\/73\/2020\/09\/dsc_0067.jpg 1920w\" sizes=\"(max-width: 640px) 100vw, 640px\" \/><\/p>\n<ul>\n<li><strong>Pistorasioiden sijoittelua parannettiin<\/strong>\n<ul>\n<li>Sijaitsevat nyt k\u00e4den ulottuvilla (aiemmin sijaitsivat istuinten alla)<\/li>\n<\/ul>\n<\/li>\n<li><strong>Esitystekniikka uusittiin kokonaan<\/strong>\n<ul>\n<li>Mahdollisuus kahteen kuvanl\u00e4hteeseen<\/li>\n<li>Digitaalinen piirtotaulu<\/li>\n<li>Valaistus s\u00e4\u00e4dett\u00e4viss\u00e4 ohjauspaneelista<\/li>\n<li>Dokumenttikamera<\/li>\n<li>Kamerat ja mikrofonit k\u00e4ytett\u00e4viss\u00e4 et\u00e4yhteyksiin<\/li>\n<li>Laadukas \u00e4\u00e4nentoisto<\/li>\n<\/ul>\n<\/li>\n<li><strong>Akustiikkaa parannettiin<\/strong><\/li>\n<li><strong>Pinnat maalattiin ja katto uusittiin<\/strong><\/li>\n<li><strong>Salin takaosaan tuotiin korkeuss\u00e4\u00e4dett\u00e4vi\u00e4 p\u00f6yti\u00e4<\/strong><\/li>\n<\/ul>\n<p><img loading=\"lazy\" decoding=\"async\" class=\"alignnone wp-image-162 size-full\" src=\"https:\/\/sites.uwasa.fi\/kampushanke\/wp-content\/blogs.dir\/4\/files\/sites\/73\/2020\/09\/dsc_0063.jpg\" alt=\"Auditorio Wolff\" width=\"1920\" height=\"1280\" srcset=\"https:\/\/sites.uwasa.fi\/kampushanke\/wp-content\/blogs.dir\/4\/files\/sites\/73\/2020\/09\/dsc_0063.jpg 1920w, https:\/\/sites.uwasa.fi\/kampushanke\/wp-content\/blogs.dir\/4\/files\/sites\/73\/2020\/09\/dsc_0063-300x200.jpg 300w, https:\/\/sites.uwasa.fi\/kampushanke\/wp-content\/blogs.dir\/4\/files\/sites\/73\/2020\/09\/dsc_0063-1024x683.jpg 1024w, https:\/\/sites.uwasa.fi\/kampushanke\/wp-content\/blogs.dir\/4\/files\/sites\/73\/2020\/09\/dsc_0063-768x512.jpg 768w, https:\/\/sites.uwasa.fi\/kampushanke\/wp-content\/blogs.dir\/4\/files\/sites\/73\/2020\/09\/dsc_0063-1536x1024.jpg 1536w\" sizes=\"(max-width: 1920px) 100vw, 1920px\" \/><\/p>\n<p><strong>Haluatko n\u00e4hd\u00e4 lis\u00e4\u00e4 kuvia saleista ennen remonttien, remonttien aikana sek\u00e4 remonttien j\u00e4lkeen? Lis\u00e4\u00e4 kuvia l\u00f6yd\u00e4t <a href=\"https:\/\/sites.uwasa.fi\/kampushanke\/galleria\/\">galleriasta<\/a>!<\/strong><\/p>\n","protected":false},"excerpt":{"rendered":"<p>Auditoriot Lev\u00f3n ja Wolff olivat remontissa viime kes\u00e4n. Kahdessa osassa toteutettavan urakan ensimm\u00e4inen osa on valmis, tilat luovutettiin k\u00e4ytt\u00f6\u00f6n viikolla 40. Auditoriot p\u00e4\u00e4tettiin eriytt\u00e4\u00e4 muusta kampuksen suunnittelusta, sill\u00e4 remontit haluttiin toteuttaa kes\u00e4aikaan. Salit remontoitiin edellisen arkkitehdin ty\u00f6t\u00e4 kunnioittaen. Esteettiset muutokset ovat hillittyj\u00e4, mutta salien k\u00e4ytt\u00f6mukavuus paranee muutosten my\u00f6t\u00e4. Lev\u00f3nin remontti jaettiin kahdelle kes\u00e4lle, sill\u00e4 teht\u00e4v\u00e4\u00e4 [&hellip;]<\/p>\n","protected":false},"author":69,"featured_media":155,"comment_status":"open","ping_status":"open","sticky":false,"template":"","format":"standard","meta":{"_acf_changed":false,"footnotes":""},"categories":[18,96],"tags":[102,104,2,34,98,106,36,100],"class_list":["post-150","post","type-post","status-publish","format-standard","has-post-thumbnail","hentry","category-kampushanke","category-uutiset","tag-auditorio","tag-auditoriot","tag-kampushanke","tag-kampuskehitys","tag-levon","tag-remontit","tag-remontti","tag-wolff"],"acf":[],"lang":"fi","translations":{"fi":150,"en":198},"post_meta":"<span class=\"author\"> <span class=\"vcard\"><a class=\"url fn n\" href=\"https:\/\/sites.uwasa.fi\/kampushanke\/author\/mosterlu\/\">Marianna \u00d6sterlund<\/a><\/span><\/span><span class=\"posted-on\"><a href=\"https:\/\/sites.uwasa.fi\/kampushanke\/2020\/09\/30\/auditorioiden-remontin-ensimmainen-osa-valmistui\/\" rel=\"bookmark\"><time class=\"entry-date published updated\" datetime=\"2020-09-30T09:53:07+03:00\">30.09.2020<\/time><\/a><\/span>","post_categories":"<span class=\"entry-categories cat-links\"><a href=\"https:\/\/sites.uwasa.fi\/kampushanke\/category\/kampushanke\/\" rel=\"category tag\">Kampushanke<\/a> <a href=\"https:\/\/sites.uwasa.fi\/kampushanke\/category\/uutiset\/\" rel=\"category tag\">uutiset<\/a><\/span>","post_thumbnail":"<a href=\"https:\/\/sites.uwasa.fi\/kampushanke\/2020\/09\/30\/auditorioiden-remontin-ensimmainen-osa-valmistui\/\"><img width=\"640\" height=\"360\" src=\"https:\/\/sites.uwasa.fi\/kampushanke\/wp-content\/blogs.dir\/4\/files\/sites\/73\/2020\/09\/dsc_0057-1-640x360.jpg\" class=\"attachment-banner-wide-640 size-banner-wide-640 wp-post-image\" alt=\"Auditorio Lev\u00f3n\" decoding=\"async\" loading=\"lazy\" srcset=\"https:\/\/sites.uwasa.fi\/kampushanke\/wp-content\/blogs.dir\/4\/files\/sites\/73\/2020\/09\/dsc_0057-1-640x360.jpg 640w, https:\/\/sites.uwasa.fi\/kampushanke\/wp-content\/blogs.dir\/4\/files\/sites\/73\/2020\/09\/dsc_0057-1-320x180.jpg 320w, https:\/\/sites.uwasa.fi\/kampushanke\/wp-content\/blogs.dir\/4\/files\/sites\/73\/2020\/09\/dsc_0057-1-1024x576.jpg 1024w, https:\/\/sites.uwasa.fi\/kampushanke\/wp-content\/blogs.dir\/4\/files\/sites\/73\/2020\/09\/dsc_0057-1-1280x720.jpg 1280w, https:\/\/sites.uwasa.fi\/kampushanke\/wp-content\/blogs.dir\/4\/files\/sites\/73\/2020\/09\/dsc_0057-1-1600x900.jpg 1600w, https:\/\/sites.uwasa.fi\/kampushanke\/wp-content\/blogs.dir\/4\/files\/sites\/73\/2020\/09\/dsc_0057-1-1920x1080.jpg 1920w\" sizes=\"(max-width: 640px) 100vw, 640px\" \/><\/a>","pll_sync_post":[],"_links":{"self":[{"href":"https:\/\/sites.uwasa.fi\/kampushanke\/wp-json\/wp\/v2\/posts\/150"}],"collection":[{"href":"https:\/\/sites.uwasa.fi\/kampushanke\/wp-json\/wp\/v2\/posts"}],"about":[{"href":"https:\/\/sites.uwasa.fi\/kampushanke\/wp-json\/wp\/v2\/types\/post"}],"author":[{"embeddable":true,"href":"https:\/\/sites.uwasa.fi\/kampushanke\/wp-json\/wp\/v2\/users\/69"}],"replies":[{"embeddable":true,"href":"https:\/\/sites.uwasa.fi\/kampushanke\/wp-json\/wp\/v2\/comments?post=150"}],"version-history":[{"count":17,"href":"https:\/\/sites.uwasa.fi\/kampushanke\/wp-json\/wp\/v2\/posts\/150\/revisions"}],"predecessor-version":[{"id":674,"href":"https:\/\/sites.uwasa.fi\/kampushanke\/wp-json\/wp\/v2\/posts\/150\/revisions\/674"}],"wp:featuredmedia":[{"embeddable":true,"href":"https:\/\/sites.uwasa.fi\/kampushanke\/wp-json\/wp\/v2\/media\/155"}],"wp:attachment":[{"href":"https:\/\/sites.uwasa.fi\/kampushanke\/wp-json\/wp\/v2\/media?parent=150"}],"wp:term":[{"taxonomy":"category","embeddable":true,"href":"https:\/\/sites.uwasa.fi\/kampushanke\/wp-json\/wp\/v2\/categories?post=150"},{"taxonomy":"post_tag","embeddable":true,"href":"https:\/\/sites.uwasa.fi\/kampushanke\/wp-json\/wp\/v2\/tags?post=150"}],"curies":[{"name":"wp","href":"https:\/\/api.w.org\/{rel}","templated":true}]}}